{"id":20088,"date":"2021-07-31T17:18:32","date_gmt":"2021-07-31T20:18:32","guid":{"rendered":"https:\/\/blogs.correiobraziliense.com.br\/vicente\/?p=20088"},"modified":"2021-07-31T18:15:59","modified_gmt":"2021-07-31T21:15:59","slug":"comando-militar-do-planalto-ja-se-prepara-para-as-eleicoes-mas-sem-golpe","status":"publish","type":"post","link":"https:\/\/blogs.correiobraziliense.com.br\/vicente\/comando-militar-do-planalto-ja-se-prepara-para-as-eleicoes-mas-sem-golpe\/","title":{"rendered":"Comando Militar do Planalto j\u00e1 se prepara para as elei\u00e7\u00f5es, mas sem golpe"},"content":{"rendered":"<h2>Sem alarde, e cumprindo sua miss\u00e3o constitucional, o Comando Militar do Planalto j\u00e1 est\u00e1 se preparando para as elei\u00e7\u00f5es de 2022. Nas v\u00e1rias reuni\u00f5es realizadas entre os respons\u00e1veis pelas GLOs (Garantia da Lei e da Ordem), a convic\u00e7\u00e3o \u00e9 de que o pa\u00eds ter\u00e1 o pleito mais radicalizado da hist\u00f3ria, o que exigir\u00e1 todo tipo de a\u00e7\u00e3o preventiva.<\/h2>\n<p>&nbsp;<\/p>\n<p>Uma coisa \u00e9 certa: n\u00e3o h\u00e1, entre os integrantes do Comando Militar do Planalto, qualquer possibilidade de golpe. Esse assunto, garantem os fardados, est\u00e1 distante da realidade do pa\u00eds, s\u00f3 se encaixa nos del\u00edrios autorit\u00e1rias do presidente Jair Bolsonaro.<\/p>\n<p>&nbsp;<\/p>\n<p>Os integrantes do Comando est\u00e3o, especialmente, preocupados com Bras\u00edlia, pois temem conflitos e badernas na regi\u00e3o central da cidade. Os militares s\u00e3o traumatizados com as tentativas de invas\u00e3o do Congresso, o quebra-quebra no pr\u00e9dio do Itamaraty e o fogo ateado no Minist\u00e9rio da Agricultura em manifesta\u00e7\u00f5es recentes.<\/p>\n<p>&nbsp;<\/p>\n<p>Tudo ser\u00e1 desenhado de forma que n\u00e3o haja surpresas desagrad\u00e1veis, como a que se viu no in\u00edcio deste ano do Capit\u00f3lio de Washington, nos Estados Unidos. &#8220;No que depender do Comando, isso n\u00e3o acontecer\u00e1 por aqui, mesmo que alguns incitem&#8221;, afirma um militar.<\/p>\n<p>&nbsp;<\/p>\n<p>O Brasil, mesmo com toda a radicaliza\u00e7\u00e3o pol\u00edtica, n\u00e3o se transformar\u00e1 em pra\u00e7a de guerra, como querem alguns, garantem os fardados ouvidos pelo Blog. A democracia, afirmam, prevalecer\u00e1.<\/p>\n<p>&nbsp;<\/p>\n<p><em>Bras\u00edlia, 17h18min<\/em><\/p>\n","protected":false},"excerpt":{"rendered":"<p>Sem alarde, e cumprindo sua miss\u00e3o constitucional, o Comando Militar do Planalto j\u00e1 est\u00e1 se preparando para as elei\u00e7\u00f5es de 2022. Nas v\u00e1rias reuni\u00f5es realizadas entre os respons\u00e1veis pelas GLOs (Garantia da Lei e da Ordem), a convic\u00e7\u00e3o \u00e9 de que o pa\u00eds ter\u00e1 o pleito mais radicalizado da hist\u00f3ria, o que exigir\u00e1 todo tipo [&hellip;]<\/p>\n","protected":false},"author":22,"featured_media":14967,"comment_status":"open","ping_status":"closed","sticky":false,"template":"","format":"standard","meta":{"footnotes":""},"categories":[600],"tags":[926,5642,5643,2526,2787],"class_list":["post-20088","post","type-post","status-publish","format-standard","has-post-thumbnail","hentry","category-economia","tag-brasilia","tag-comando-militar-do-planalto-ja-se-prepara-para-as-eleicoes","tag-mas-sem-golpe","tag-poder","tag-politica"],"_links":{"self":[{"href":"https:\/\/blogs.correiobraziliense.com.br\/vicente\/wp-json\/wp\/v2\/posts\/20088","targetHints":{"allow":["GET"]}}],"collection":[{"href":"https:\/\/blogs.correiobraziliense.com.br\/vicente\/wp-json\/wp\/v2\/posts"}],"about":[{"href":"https:\/\/blogs.correiobraziliense.com.br\/vicente\/wp-json\/wp\/v2\/types\/post"}],"author":[{"embeddable":true,"href":"https:\/\/blogs.correiobraziliense.com.br\/vicente\/wp-json\/wp\/v2\/users\/22"}],"replies":[{"embeddable":true,"href":"https:\/\/blogs.correiobraziliense.com.br\/vicente\/wp-json\/wp\/v2\/comments?post=20088"}],"version-history":[{"count":1,"href":"https:\/\/blogs.correiobraziliense.com.br\/vicente\/wp-json\/wp\/v2\/posts\/20088\/revisions"}],"predecessor-version":[{"id":20089,"href":"https:\/\/blogs.correiobraziliense.com.br\/vicente\/wp-json\/wp\/v2\/posts\/20088\/revisions\/20089"}],"wp:featuredmedia":[{"embeddable":true,"href":"https:\/\/blogs.correiobraziliense.com.br\/vicente\/wp-json\/wp\/v2\/media\/14967"}],"wp:attachment":[{"href":"https:\/\/blogs.correiobraziliense.com.br\/vicente\/wp-json\/wp\/v2\/media?parent=20088"}],"wp:term":[{"taxonomy":"category","embeddable":true,"href":"https:\/\/blogs.correiobraziliense.com.br\/vicente\/wp-json\/wp\/v2\/categories?post=20088"},{"taxonomy":"post_tag","embeddable":true,"href":"https:\/\/blogs.correiobraziliense.com.br\/vicente\/wp-json\/wp\/v2\/tags?post=20088"}],"curies":[{"name":"wp","href":"https:\/\/api.w.org\/{rel}","templated":true}]}}