{"id":20086,"date":"2021-07-31T12:25:18","date_gmt":"2021-07-31T15:25:18","guid":{"rendered":"https:\/\/blogs.correiobraziliense.com.br\/vicente\/?p=20086"},"modified":"2021-07-31T12:51:43","modified_gmt":"2021-07-31T15:51:43","slug":"alivio-no-bolso-preco-da-gasolina-cai-de-r-6129-ate-r-5399-em-uma-semana","status":"publish","type":"post","link":"https:\/\/blogs.correiobraziliense.com.br\/vicente\/alivio-no-bolso-preco-da-gasolina-cai-de-r-6129-ate-r-5399-em-uma-semana\/","title":{"rendered":"Al\u00edvio no bolso: pre\u00e7o da gasolina cai de R$ 6,129 at\u00e9 R$ 5,399 em uma semana"},"content":{"rendered":"<h2>Quem for abastecer o carro neste fim de semana no Distrito Federal perceber\u00e1 um grande al\u00edvio nos pre\u00e7os da gasolina. Em pouco mais de uma semana, o litro do combust\u00edvel nas bombas caiu de R$ 6,129 para at\u00e9 R$ 5,399, como em um posto de \u00c1guas Claras, \u00e0s margens da EPTG.<\/h2>\n<p>&nbsp;<\/p>\n<p>&#8220;Realmente, vi um al\u00edvio no pre\u00e7o da gasolina nos \u00faltimos dias, mas ainda considero que, no geral, o combust\u00edvel est\u00e1 muito caro. \u00c9 inaceit\u00e1vel abastecer o carro com gasolina acima de R$ 5 o litro&#8221;, diz Cl\u00e1udio Santos, 45 anos, motorista de transporte por aplicativos.<\/p>\n<p>&nbsp;<\/p>\n<p>Para ele, \u00e9 preciso que os pre\u00e7os caiam ainda mais. &#8220;Ningu\u00e9m aguenta tanta carestia&#8221;, frisa. Cl\u00e1udio tamb\u00e9m chama a aten\u00e7\u00e3o para promo\u00e7\u00f5es enganosas de alguns postos, que anunciam valores mais baixos por meio de aplicativos (App), mas, na hora, nada funciona.<\/p>\n<p>&nbsp;<\/p>\n<p><strong>Postos t\u00eam armadilhas<\/strong><\/p>\n<p>&nbsp;<\/p>\n<p>&#8220;J\u00e1 cai nessa armadilha. Agora, n\u00e3o me deixo enganar&#8221;, ressalta o motorista por aplicativo. Portanto, recomenda ele, sempre \u00e9 bom pesquisar os pre\u00e7os e desconfiar de algo que destoa de grande parte do mercado. &#8220;N\u00e3o existe almo\u00e7o gr\u00e1tis&#8221;, ressalta.<\/p>\n<p>&nbsp;<\/p>\n<p>Em \u00c1guas Claras, os pre\u00e7os m\u00e9dios da gasolina est\u00e3o em R$ 5,699. No Setor de Ind\u00fastria e Abastecimento (SIA), \u00e9 poss\u00edvel encher o tanque por R$ 5,599 o litro. No Setor de Ind\u00fastrias Gr\u00e1ficas (SIG), h\u00e1 gasolina por R$ 5,799.<\/p>\n<p>&nbsp;<\/p>\n<p>Especialistas ressaltam que toda economia \u00e9 muito bem-vida, porque muitas fam\u00edlias est\u00e3o com o or\u00e7amento apertado. O valor poupado com o combust\u00edvel pode ser importante para ajudar na compra do m\u00eas no supermercado ou mesmo complementar os recursos necess\u00e1rios para a conta de luz, que est\u00e1 car\u00edssima.<\/p>\n<p>&nbsp;<\/p>\n<p><em>Bras\u00edlia, 12h25min<\/em><\/p>\n","protected":false},"excerpt":{"rendered":"<p>Quem for abastecer o carro neste fim de semana no Distrito Federal perceber\u00e1 um grande al\u00edvio nos pre\u00e7os da gasolina. Em pouco mais de uma semana, o litro do combust\u00edvel nas bombas caiu de R$ 6,129 para at\u00e9 R$ 5,399, como em um posto de \u00c1guas Claras, \u00e0s margens da EPTG. &nbsp; &#8220;Realmente, vi um [&hellip;]<\/p>\n","protected":false},"author":22,"featured_media":12528,"comment_status":"open","ping_status":"closed","sticky":false,"template":"","format":"standard","meta":{"footnotes":""},"categories":[600],"tags":[5640,5641,5639,589,4943,5638],"class_list":["post-20086","post","type-post","status-publish","format-standard","has-post-thumbnail","hentry","category-economia","tag-129-ate-r-5","tag-399-em-uma-semana","tag-alivio-no-bolso-preco-da-gasolina-cai-de-r-6","tag-economia","tag-financas","tag-seu-bolso"],"_links":{"self":[{"href":"https:\/\/blogs.correiobraziliense.com.br\/vicente\/wp-json\/wp\/v2\/posts\/20086","targetHints":{"allow":["GET"]}}],"collection":[{"href":"https:\/\/blogs.correiobraziliense.com.br\/vicente\/wp-json\/wp\/v2\/posts"}],"about":[{"href":"https:\/\/blogs.correiobraziliense.com.br\/vicente\/wp-json\/wp\/v2\/types\/post"}],"author":[{"embeddable":true,"href":"https:\/\/blogs.correiobraziliense.com.br\/vicente\/wp-json\/wp\/v2\/users\/22"}],"replies":[{"embeddable":true,"href":"https:\/\/blogs.correiobraziliense.com.br\/vicente\/wp-json\/wp\/v2\/comments?post=20086"}],"version-history":[{"count":1,"href":"https:\/\/blogs.correiobraziliense.com.br\/vicente\/wp-json\/wp\/v2\/posts\/20086\/revisions"}],"predecessor-version":[{"id":20087,"href":"https:\/\/blogs.correiobraziliense.com.br\/vicente\/wp-json\/wp\/v2\/posts\/20086\/revisions\/20087"}],"wp:featuredmedia":[{"embeddable":true,"href":"https:\/\/blogs.correiobraziliense.com.br\/vicente\/wp-json\/wp\/v2\/media\/12528"}],"wp:attachment":[{"href":"https:\/\/blogs.correiobraziliense.com.br\/vicente\/wp-json\/wp\/v2\/media?parent=20086"}],"wp:term":[{"taxonomy":"category","embeddable":true,"href":"https:\/\/blogs.correiobraziliense.com.br\/vicente\/wp-json\/wp\/v2\/categories?post=20086"},{"taxonomy":"post_tag","embeddable":true,"href":"https:\/\/blogs.correiobraziliense.com.br\/vicente\/wp-json\/wp\/v2\/tags?post=20086"}],"curies":[{"name":"wp","href":"https:\/\/api.w.org\/{rel}","templated":true}]}}