{"id":19934,"date":"2021-07-21T12:35:11","date_gmt":"2021-07-21T15:35:11","guid":{"rendered":"https:\/\/blogs.correiobraziliense.com.br\/vicente\/?p=19934"},"modified":"2021-07-21T16:48:47","modified_gmt":"2021-07-21T19:48:47","slug":"com-reforma-ministerial-posto-ipiranga-vai-trocar-bandeira-para-ale","status":"publish","type":"post","link":"https:\/\/blogs.correiobraziliense.com.br\/vicente\/com-reforma-ministerial-posto-ipiranga-vai-trocar-bandeira-para-ale\/","title":{"rendered":"Com reforma ministerial, Posto Ipiranga vai trocar bandeira para Ale"},"content":{"rendered":"<p>ROSANA HESSEL<\/p>\n<p>&nbsp;<\/p>\n<p>A nova reforma ministerial sinalizada pelo presidente Jair Bolsonaro (sem partido) dever\u00e1 encolher o superminist\u00e9rio da Economia, chefiado por Paulo Guedes, que est\u00e1 cada vez mais enfraquecido. As brincadeiras entre pessoas da Esplanada dos Minist\u00e9rios \u00e9 que o ministro perder\u00e1 o status de Posto Ipiranga do presidente. Enquanto isso, o Centr\u00e3o aumenta seus tent\u00e1culos sobre o governo e os Tr\u00eas Poderes, dando uma pr\u00e9via do semipresidencialismo na pr\u00e1tica.<\/p>\n<p>&nbsp;<\/p>\n<p>De acordo com fontes da Esplanada, com poss\u00edvel\u00a0 fatiamento da Economia, Guedes dever\u00e1 abandonar o t\u00edtulo de Posto Ipiranga e passar\u00e1 para ser o Posto Ale, em refer\u00eancia \u00e0 bandeira famosa por ter uma gasolina &#8220;mais barata&#8221; do que as marcas consolidadas na capital federal. Um desses postos, inclusive, est\u00e1 bem perto da Torre de TV e foi o que deu nome \u00e0 opera\u00e7\u00e3o Lava Jato.<\/p>\n<p>&nbsp;<\/p>\n<p>O\u00a0avan\u00e7o do Centr\u00e3o sobre um governo cada vez mais fraco devido \u00e0s investiga\u00e7\u00f5es da Comiss\u00e3o Parlamentar de Inqu\u00e9rito (CPI) da Pandemia, no Senado Federal, est\u00e1 obrigando o presidente ir na contram\u00e3o do discurso da austeridade defendida por Guedes. Al\u00e9m disso, ao recriar o Minist\u00e9rio do Trabalho e entreg\u00e1-lo a Onyx Lorenzoni, atual ministro da Secretaria-Geral da Previd\u00eancia, com passagens pela Casa Civil e pelo minist\u00e9rio da Cidadania, Bolsonaro encolhe o poder do superministro. <a href=\"https:\/\/www.correiobraziliense.com.br\/politica\/2021\/07\/4938848-bolsonaro-diz-que-trabalha-em-reforma-ministerial.html\">A expectativa \u00e9 que Bolsonaro anuncie as novas mudan\u00e7as na pr\u00f3xima semana.<\/a><\/p>\n<p>&nbsp;<\/p>\n<p>Procurada, a assessoria do Minist\u00e9rio da Economia ainda n\u00e3o comentou o assunto. O enfraquecimento de Guedes, ali\u00e1s, vem ocorrendo h\u00e1 um bom tempo diante das promessas n\u00e3o cumpridas e das derrotas recentes da pasta no Congresso, como ocorreu na Medida Provis\u00f3ria da privatiza\u00e7\u00e3o da Eletrobras, que virou uma col\u00f4nia de jabutis &#8212; emendas n\u00e3o relacionadas \u00e0 proposta principal. N\u00e3o \u00e0 toa, o ministro <a href=\"https:\/\/blogs.correiobraziliense.com.br\/vicente\/paulo-guedes-muda-de-comportamento-em-reunioes-com-analistas\/\">tem mudado de comportamento nas reuni\u00f5es com analistas, ouvindo mais do que fala,<\/a> o que vem provocando alguma surpresa dos interlocutores.<\/p>\n<p>&nbsp;<\/p>\n<p>&nbsp;<\/p>\n<p><strong>Pr\u00e9via do semipresidencialismo<\/strong><\/p>\n<p>&nbsp;<\/p>\n<p>&nbsp;<\/p>\n<p>Onyx daria lugar para o general da reserva Luiz Eduardo Ramos, que deixaria a Casa Civil e retornaria para SGP. Essa dan\u00e7a das cadeiras abre espa\u00e7o para a chegada do presidente do PP, senador Ciro Nogueira (PI), e o &#8220;chefe&#8221; do Centr\u00e3o. Ao chegar ao 4\u00ba andar do Pal\u00e1cio do Planalto para comandar a Casa Civil, Nogueira dever\u00e1 tornar-se uma esp\u00e9cie de &#8220;primeiro-ministro&#8221; do atual governo, o que poder\u00e1 tornar Bolsonaro uma &#8220;rainha da Inglaterra&#8221;, ou seja, um figurante decorativo do Poder Executivo, na avalia\u00e7\u00e3o de fontes da Esplanada e pr\u00f3xima aos Tr\u00eas Poderes.<\/p>\n<p>&nbsp;<\/p>\n<p>&#8220;Com essa nova reforma ministerial, vamos ter uma verdadeira pr\u00e9via do<a href=\"https:\/\/www.correiobraziliense.com.br\/politica\/2021\/07\/4938499-nao-e-invencao-minha-diz-lira-sobre-semipresidencialismo.html\"> semipresidencialismo defendido pele presidente da C\u00e2mara, Arthur Lira (PP-AL)<\/a>&#8220;, comentou uma fonte pr\u00f3xima aos Tr\u00eas Poderes.\u00a0\u00a0Lira vem se articulando para tentar mudar o sistema de governo, a fim de que os parlamentares teriam mais poder e o presidente poderia deixar de ser escolhido diretamente pelo povo.<\/p>\n<p>&nbsp;<\/p>\n<p>Vale lembrar que Ciro Nogueira, com essa indica\u00e7\u00e3o para a Casa Civil, amplia seu poder sobre os Tr\u00eas Poderes. Ele tem Lira no comando da C\u00e2mara dos Deputados, o terceiro nome na linha sucess\u00f3ria. Al\u00e9m disso, foi o parlamentar que indicou o nome de Kassio Marques a Bolsonaro para a vaga do ex-ministro Celso de Mello no Supremo Tribunal Federal (STF).\u00a0 &#8220;O governo est\u00e1 sendo terceirizado&#8221;, afirmou uma outra fonte do Legislativo.<\/p>\n<p>&nbsp;<\/p>\n<p>&nbsp;<\/p>\n<p>&nbsp;<\/p>\n<p>&nbsp;<\/p>\n<p>&nbsp;<\/p>\n<p>&nbsp;<\/p>\n<p>&nbsp;<\/p>\n<p>&nbsp;<\/p>\n","protected":false},"excerpt":{"rendered":"<p>ROSANA HESSEL &nbsp; A nova reforma ministerial sinalizada pelo presidente Jair Bolsonaro (sem partido) dever\u00e1 encolher o superminist\u00e9rio da Economia, chefiado por Paulo Guedes, que est\u00e1 cada vez mais enfraquecido. As brincadeiras entre pessoas da Esplanada dos Minist\u00e9rios \u00e9 que o ministro perder\u00e1 o status de Posto Ipiranga do presidente. Enquanto isso, o Centr\u00e3o aumenta [&hellip;]<\/p>\n","protected":false},"author":22,"featured_media":15234,"comment_status":"open","ping_status":"closed","sticky":false,"template":"","format":"standard","meta":{"footnotes":""},"categories":[600],"tags":[5620,3253,5621,2922,3875,3613,5619,1026],"class_list":["post-19934","post","type-post","status-publish","format-standard","has-post-thumbnail","hentry","category-economia","tag-ale","tag-ciro-nogueira","tag-fatiamento","tag-jair-bolsonaro","tag-onyx-lorenzoni","tag-paulo-guedes","tag-posto-ipiranga","tag-reforma-ministerial"],"_links":{"self":[{"href":"https:\/\/blogs.correiobraziliense.com.br\/vicente\/wp-json\/wp\/v2\/posts\/19934","targetHints":{"allow":["GET"]}}],"collection":[{"href":"https:\/\/blogs.correiobraziliense.com.br\/vicente\/wp-json\/wp\/v2\/posts"}],"about":[{"href":"https:\/\/blogs.correiobraziliense.com.br\/vicente\/wp-json\/wp\/v2\/types\/post"}],"author":[{"embeddable":true,"href":"https:\/\/blogs.correiobraziliense.com.br\/vicente\/wp-json\/wp\/v2\/users\/22"}],"replies":[{"embeddable":true,"href":"https:\/\/blogs.correiobraziliense.com.br\/vicente\/wp-json\/wp\/v2\/comments?post=19934"}],"version-history":[{"count":22,"href":"https:\/\/blogs.correiobraziliense.com.br\/vicente\/wp-json\/wp\/v2\/posts\/19934\/revisions"}],"predecessor-version":[{"id":19957,"href":"https:\/\/blogs.correiobraziliense.com.br\/vicente\/wp-json\/wp\/v2\/posts\/19934\/revisions\/19957"}],"wp:featuredmedia":[{"embeddable":true,"href":"https:\/\/blogs.correiobraziliense.com.br\/vicente\/wp-json\/wp\/v2\/media\/15234"}],"wp:attachment":[{"href":"https:\/\/blogs.correiobraziliense.com.br\/vicente\/wp-json\/wp\/v2\/media?parent=19934"}],"wp:term":[{"taxonomy":"category","embeddable":true,"href":"https:\/\/blogs.correiobraziliense.com.br\/vicente\/wp-json\/wp\/v2\/categories?post=19934"},{"taxonomy":"post_tag","embeddable":true,"href":"https:\/\/blogs.correiobraziliense.com.br\/vicente\/wp-json\/wp\/v2\/tags?post=19934"}],"curies":[{"name":"wp","href":"https:\/\/api.w.org\/{rel}","templated":true}]}}