{"id":19930,"date":"2021-07-19T13:58:04","date_gmt":"2021-07-19T16:58:04","guid":{"rendered":"https:\/\/blogs.correiobraziliense.com.br\/vicente\/?p=19930"},"modified":"2021-07-19T14:18:53","modified_gmt":"2021-07-19T17:18:53","slug":"paulo-guedes-muda-de-comportamento-em-reunioes-com-analistas","status":"publish","type":"post","link":"https:\/\/blogs.correiobraziliense.com.br\/vicente\/paulo-guedes-muda-de-comportamento-em-reunioes-com-analistas\/","title":{"rendered":"Paulo Guedes muda de comportamento em reuni\u00f5es com analistas"},"content":{"rendered":"<h2>ROSANA HESSEL<\/h2>\n<h2><\/h2>\n<h2>Interlocutores do ministro da Economia, Paulo Guedes, que costuma n\u00e3o respeitar o tempo de fala em seus compromissos e virtuais ou n\u00e3o, contam que, ultimamente, perceberam uma sens\u00edvel mudan\u00e7a no comportamento do chefe da equipe econ\u00f4mica nas conversas com analistas, passando a ouvir mais.<\/h2>\n<p>&nbsp;<\/p>\n<p>Nos encontros recentes, Guedes tem falado pouco, algo que tem surpreendido os interlocutores j\u00e1 que o ministro tem mania de come\u00e7ar a falar e n\u00e3o parar mais at\u00e9 o t\u00e9rmino da reuni\u00e3o ou do evento, sem deixar espa\u00e7o para a fala dos demais participantes, para o di\u00e1logo e questionamentos.\u00a0 Al\u00e9m disso, o\u00a0discurso de que o Brasil &#8220;vai surpreender o mundo&#8221; e de que &#8220;a economia est\u00e1 se recuperando em V&#8221;, que parece um disco riscado e j\u00e1 n\u00e3o empolga mais, segundo eles.<\/p>\n<p>&nbsp;<\/p>\n<p>Economistas que olham para os indicadores com mais cuidado veem que essa recupera\u00e7\u00e3o da economia brasileira n\u00e3o \u00e9 t\u00e3o robusta como se vende, especialmente, porque est\u00e1 em uma trajet\u00f3ria desafiadora, com desemprego recorde e infla\u00e7\u00e3o persistente no lado dos pre\u00e7os administrados, ou seja, na conta de luz, na gasolina, no diesel, no g\u00e1s de cozinha &#8212; que afetam, principalmente, os mais pobres, e n\u00e3o devem cair t\u00e3o cedo devido \u00e0 crise h\u00eddrica em curso.<\/p>\n<p>&nbsp;<\/p>\n<p>Um consenso que est\u00e1 crescendo \u00e9 de que, na verdade, a economia est\u00e1 se recuperando em K, ou seja, para alguns, principalmente, os mais ricos e agentes do mercado financeiro, os ganhos crescem apesar da pandemia, principalmente, porque a economia global est\u00e1 injetando liquidez no cen\u00e1rio externo, o que ajuda na alta das bolsas. Mas, para o mais pobre e a classe m\u00e9dia, a renda est\u00e1 encolhendo e o emprego desaparecendo, e, com isso, aumentando a desigualdade.<\/p>\n<p>&nbsp;<\/p>\n<p>&#8220;O ministro tem ouvido mais e perguntando as nossas impress\u00f5es sobre a economia. Algo que n\u00e3o ocorria antes&#8221;, contou uma fonte do mercado financeiro que considera a teoria do K mais forte do que a do V.<\/p>\n<p>&nbsp;<\/p>\n<p>&nbsp;<\/p>\n<p><strong>Sapos e jabutis<\/strong><\/p>\n<p>&nbsp;<\/p>\n<p>Ali\u00e1s, desde a confus\u00e3o dos contrabandos do Congresso Nacional feitos durante a vota\u00e7\u00e3o da Medida Provis\u00f3ria da privatiza\u00e7\u00e3o da Eletrobras, MP 1031\/2021, que foi aprovada com uma enorme quantidades de jabutis &#8212; emendas n\u00e3o relacionadas ao texto &#8212; devendo encarecer ainda mais a conta de luz para o consumidor ao obrigar a contrata\u00e7\u00e3o de usinas t\u00e9rmicas a g\u00e1s onde n\u00e3o h\u00e1 infraestrutura de gasodutos que dever\u00e3o ser custeados pelo contribuinte, por exemplo, Guedes tem evitado fazer muitos coment\u00e1rios. Ali\u00e1s, vem sendo obrigado a aceitado mudan\u00e7as na agenda econ\u00f4mica que v\u00e3o na contram\u00e3o do discurso econ\u00f4mico liberal de austeridade fiscal defendido por ele.<\/p>\n<p>&nbsp;<\/p>\n<p>Um exemplo recente foi a cria\u00e7\u00e3o do teto d\u00faplex para aposentados e militares da reserva que acumulam cargo no Executivo, criado por uma portaria da pasta, apesar da justificativa de querer atender uma recomenda\u00e7\u00e3o da Advocacia-Geral da Uni\u00e3o (AGU). Alguns ministros da ala militar tiveram reajustes de at\u00e9 69%, que n\u00e3o faz sentido algum para um governo que defende o fim dos penduricalhos que excedam o teto do funcionalismo p\u00fablico.<\/p>\n<p>&nbsp;<\/p>\n<p>E, para piorar, Guedes levou outra puxada de tapete com a aprova\u00e7\u00e3o da Lei de Diretrizes Or\u00e7ament\u00e1rias (LDO) de 2022 com o aumento de quase tr\u00eas vezes do Fundo Eleitoral do ano que vem, para R$ 5,7 bilh\u00f5es, com votos favor\u00e1veis da base aliada, inclusive, dos filhos do presidente Jair Bolsonaro. O presidente j\u00e1 anunciou reajuste de servidor no ano que vem, que devem custar mais R$ 16 bilh\u00f5es no Or\u00e7amento e quer um Bolsa Fam\u00edlia robusto, que n\u00e3o cabe no teto de gastos defendido por Guedes, que ser\u00e1 obrigado a anunciar cortes de despesas.<\/p>\n<p>&nbsp;<\/p>\n<p>Vale lembrar que, quando ele chegou a sugerir, por exemplo, o uso dos recursos do abono salarial para custear o Renda Brasil, programa de inclus\u00e3o social que foi rejeitado por Bolsonaro, foi mais uma confus\u00e3o porque o presidente disse que n\u00e3o ia &#8220;tirar do pobre para dar ao paup\u00e9rrimo&#8221;. Desde ent\u00e3o, nada saiu mais do papel nessa dire\u00e7\u00e3o e Guedes sequer consegue entregar o programa de inclus\u00e3o de jovens no mercado de trabalho, que ia sair &#8220;nos pr\u00f3ximos dias&#8221;, h\u00e1 uns dois meses.<\/p>\n<p>&nbsp;<\/p>\n<p>Sem falar na pol\u00eamica proposta de reforma do Imposto de Renda, que vem gerando uma s\u00e9rie de cr\u00edticas, principalmente, de estados e munic\u00edpios, apesar de a proposta de taxa\u00e7\u00e3o de dividendos ser vista como uma medida na dire\u00e7\u00e3o correta por v\u00e1rios economistas, porque vai taxar quem ganha mais por receber por meio fontes hoje isentas, mas o texto ainda precisa de muitos ajustes. Um deles \u00e9 falta de novas faixas do Imposto de Renda Pessoa F\u00edsica (IRPF) para os grandes sal\u00e1rios, que pagam os mesmos 27,5% dos trabalhadores da classe m\u00e9dia. Outro \u00e9 a penaliza\u00e7\u00e3o da Classe C com a limita\u00e7\u00e3o em R$ 40 mil anuais de rendimento para o desconto de 20% do IR na Declara\u00e7\u00e3o Simplificada.<\/p>\n<p>&nbsp;<\/p>\n<p>Resta saber se o ministro virou ouvinte para n\u00e3o ter que explicar os sapos que est\u00e1 tendo que engolir para continuar no cargo a qualquer pre\u00e7o, inclusive, parece que esquecendo o que aprendeu na Universidade de Chicago, o ber\u00e7o do liberalismo econ\u00f4mico.<\/p>\n<p>&nbsp;<\/p>\n<p>&nbsp;<\/p>\n<p>&nbsp;<\/p>\n<p>&nbsp;<\/p>\n<p>&nbsp;<\/p>\n<p>&nbsp;<\/p>\n<p>&nbsp;<\/p>\n<p>&nbsp;<\/p>\n","protected":false},"excerpt":{"rendered":"<p>ROSANA HESSEL Interlocutores do ministro da Economia, Paulo Guedes, que costuma n\u00e3o respeitar o tempo de fala em seus compromissos e virtuais ou n\u00e3o, contam que, ultimamente, perceberam uma sens\u00edvel mudan\u00e7a no comportamento do chefe da equipe econ\u00f4mica nas conversas com analistas, passando a ouvir mais. &nbsp; Nos encontros recentes, Guedes tem falado pouco, algo [&hellip;]<\/p>\n","protected":false},"author":22,"featured_media":19654,"comment_status":"open","ping_status":"closed","sticky":false,"template":"","format":"standard","meta":{"footnotes":""},"categories":[600],"tags":[71,2933,589,914,3613,5618,5617],"class_list":["post-19930","post","type-post","status-publish","format-standard","has-post-thumbnail","hentry","category-economia","tag-desemprego","tag-desigualdade","tag-economia","tag-ministro","tag-paulo-guedes","tag-retomada-em-k","tag-reunioes"],"_links":{"self":[{"href":"https:\/\/blogs.correiobraziliense.com.br\/vicente\/wp-json\/wp\/v2\/posts\/19930","targetHints":{"allow":["GET"]}}],"collection":[{"href":"https:\/\/blogs.correiobraziliense.com.br\/vicente\/wp-json\/wp\/v2\/posts"}],"about":[{"href":"https:\/\/blogs.correiobraziliense.com.br\/vicente\/wp-json\/wp\/v2\/types\/post"}],"author":[{"embeddable":true,"href":"https:\/\/blogs.correiobraziliense.com.br\/vicente\/wp-json\/wp\/v2\/users\/22"}],"replies":[{"embeddable":true,"href":"https:\/\/blogs.correiobraziliense.com.br\/vicente\/wp-json\/wp\/v2\/comments?post=19930"}],"version-history":[{"count":2,"href":"https:\/\/blogs.correiobraziliense.com.br\/vicente\/wp-json\/wp\/v2\/posts\/19930\/revisions"}],"predecessor-version":[{"id":19932,"href":"https:\/\/blogs.correiobraziliense.com.br\/vicente\/wp-json\/wp\/v2\/posts\/19930\/revisions\/19932"}],"wp:featuredmedia":[{"embeddable":true,"href":"https:\/\/blogs.correiobraziliense.com.br\/vicente\/wp-json\/wp\/v2\/media\/19654"}],"wp:attachment":[{"href":"https:\/\/blogs.correiobraziliense.com.br\/vicente\/wp-json\/wp\/v2\/media?parent=19930"}],"wp:term":[{"taxonomy":"category","embeddable":true,"href":"https:\/\/blogs.correiobraziliense.com.br\/vicente\/wp-json\/wp\/v2\/categories?post=19930"},{"taxonomy":"post_tag","embeddable":true,"href":"https:\/\/blogs.correiobraziliense.com.br\/vicente\/wp-json\/wp\/v2\/tags?post=19930"}],"curies":[{"name":"wp","href":"https:\/\/api.w.org\/{rel}","templated":true}]}}