{"id":19891,"date":"2021-07-15T12:11:18","date_gmt":"2021-07-15T15:11:18","guid":{"rendered":"https:\/\/blogs.correiobraziliense.com.br\/vicente\/?p=19891"},"modified":"2021-07-15T20:48:05","modified_gmt":"2021-07-15T23:48:05","slug":"comsefaz-pede-em-carta-rejeicao-integral-do-substitutivo-da-reforma-do-ir","status":"publish","type":"post","link":"https:\/\/blogs.correiobraziliense.com.br\/vicente\/comsefaz-pede-em-carta-rejeicao-integral-do-substitutivo-da-reforma-do-ir\/","title":{"rendered":"Comsefaz pede em carta rejei\u00e7\u00e3o integral do substitutivo da reforma do IR"},"content":{"rendered":"<h2>ROSANA HESSEL<\/h2>\n<h2><\/h2>\n<h2>O Comit\u00ea Nacional dos Secret\u00e1rios de Fazenda dos Estados e do Distrito Federal (Comsefaz), em carta divulgada nesta quinta-feira (15\/7), pediu a rejei\u00e7\u00e3o integral do relat\u00f3rio preliminar do deputado federal Celso Sabino (PSDB-PA) ao projeto de lei que trata da reforma do Imposto de Renda, o PL 2337\/2021.<\/h2>\n<h2><\/h2>\n<p>&nbsp;<\/p>\n<p>Para os secret\u00e1rios estaduais de Fazenda, o substitutivo tem t\u00e9cnica inepta ao impor perdas de receitas aos estados e munic\u00edpios, favorece os mais ricos em detrimento dos mais pobres e \u00e9 um atentado ao pacto federativo. Pelos c\u00e1lculos da do Comit\u00ea, as mudan\u00e7as propostas pelo relator,\u00a0provocar\u00e3o perdas de R$ 27,4 bilh\u00f5es nas transfer\u00eancias do Fundo de Participa\u00e7\u00e3o dos Estados (FPE) e Fundo de Participa\u00e7\u00e3o dos Munic\u00edpios (FPM), &#8220;comprometendo substancialmente a oferta e presta\u00e7\u00e3o de servi\u00e7os essenciais \u00e0 popula\u00e7\u00e3o&#8221;, devendo agravar a m\u00e1 distribui\u00e7\u00e3o de renda no pa\u00eds, por favorecer os mais ricos e reduzir o montante de receitas dispon\u00edveis para serem aplicados em programas sociais.<\/p>\n<p>&nbsp;<\/p>\n<p>De acordo com o documento assinado pelo presidente do Comsefaz, Rafael Fonteles,\u00a0as mudan\u00e7as propostas ao PL original reduzem drasticamente o Imposto de Renda Pessoa Jur\u00eddica (IRPJ), retira a previs\u00e3o de taxa\u00e7\u00e3o das transfer\u00eancias de dividendos entre empresas de um mesmo grupo e desonera a renda de capital, que beneficia principalmente os mais ricos&#8221;.\u00a0\u00a0\u201cO substitutivo caminha em sentido contr\u00e1rio a todas as recomenda\u00e7\u00f5es internacionais que endossam a progressividade dos tributos, com vistas a contribuir para a sa\u00fade e recupera\u00e7\u00e3o das economias dos pa\u00edses\u201d, informou a carta. \u201cA proposta sabota, ainda, o pacto federativo brasileiro, pretendendo transferir mais de 90% do custo desta desonera\u00e7\u00e3o da renda de mais ricos com a subtra\u00e7\u00e3o de receitas de estados e munic\u00edpios\u201d, acrescentou.<\/p>\n<p>&nbsp;<\/p>\n<p>De acordo com a entidade, a proposta original tinha espa\u00e7o para eventuais ajustes por redu\u00e7\u00e3o na faixa de isen\u00e7\u00e3o sobre dividendos ou da al\u00edquota do IRPJ e da CSLL. &#8220;Contudo, o texto do relator reduziu drasticamente o IRPJ, n\u00e3o reviu a ampla faixa de isen\u00e7\u00e3o para dividendos e ainda retirou do texto a previs\u00e3o de que as transfer\u00eancias de dividendos entre empresas de um mesmo grupo seriam taxadas, atendendo ao desejo de grupos privilegiados que se utilizam de holdings familiares para pagar menos impostos&#8221;, destacou.<\/p>\n<p>&nbsp;<\/p>\n<p>As grandes empresas ser\u00e3o beneficiadas com a redu\u00e7\u00e3o pela metade do IRPJ, de 25% para 12,5%, e poder\u00e3o fugir \u00e0 tributa\u00e7\u00e3o de 20% sobre dividendos, desde que os mesmos sejam transferidos a uma holding familiar, de acordo com o secret\u00e1rios. \u201cNa pr\u00e1tica, portanto, os dividendos acumulados pelas fam\u00edlias mais ricas s\u00f3 ser\u00e3o tributados quando forem efetivamente distribu\u00eddos para as pessoas f\u00edsicas, e o valor do imposto diferido para um futuro long\u00ednquo quando ser\u00e1 reduzido pela infla\u00e7\u00e3o\u201d, avalia o documento.\u00a0\u00a0Procurada, a assessoria de Sabino ainda n\u00e3o comentou o assunto.<\/p>\n<p>&nbsp;<\/p>\n<p>Ontem, a Confedera\u00e7\u00e3o Nacional de Munic\u00edpios (CNM)\u00a0 divulgou uma nota destacando que o relat\u00f3rio de Sabino dever\u00e1 subtrair R$ 13,1 bilh\u00f5es dos cofres municipais, &#8220;enfraquecendo os servi\u00e7os p\u00fablicos prestados \u00e0 popula\u00e7\u00e3o mais vulner\u00e1vel&#8221;. &#8220;O relat\u00f3rio deve produzir uma significativa desonera\u00e7\u00e3o da renda do capital, mesmo que alguns benef\u00edcios fiscais estejam sendo eliminados, e ampliar\u00e1 os est\u00edmulos ao fen\u00f4meno da pejotiza\u00e7\u00e3o, os quais pretendiam-se reduzidos originalmente com a tributa\u00e7\u00e3o de dividendos&#8221;, destacou.<\/p>\n<p>&nbsp;<\/p>\n<p>&#8220;A CNM embora concorde com a justa corre\u00e7\u00e3o da tabela do Imposto de Renda das pessoas f\u00edsicas, com o retorno da tributa\u00e7\u00e3o sobre dividendos e at\u00e9 mesmo com a redu\u00e7\u00e3o moderada da carga tribut\u00e1ria das empresas, se manifesta contra o relat\u00f3rio na forma como apresentado. Por isso, a entidade faz um chamado aos parlamentares comprometidos com o municipalismo e a justi\u00e7a fiscal a reprovarem o texto&#8221;, ressaltou a nota da entidade.<\/p>\n<p>&nbsp;<\/p>\n<p><strong>Veja a \u00edntegra da carta do Comsefaz divulgada hoje:<\/strong><\/p>\n<p>&nbsp;<\/p>\n<p>&nbsp;<\/p>\n<p><em>CARTA DO COMSEFAZ CONTRA O ATENTADO AO SISTEMA FEDERATIVO\u00a0DO PA\u00cdS PRETENDIDA PELO SUBSTITUTIVO DO IMPOSTO DE RENDA, QUE\u00a0REDUZIRIA SERVI\u00c7OS P\u00daBLICOS AOS MAIS POBRES PARA PRIVILEGIAR OS\u00a0MAIS RICOS<\/em><\/p>\n<p><em>O Substitutivo ao PL 2.337\/21, que altera a tributa\u00e7\u00e3o do Imposto de Renda,\u00a0apresentado em 13 de julho de 2021 pelo relator do projeto, o deputado federal\u00a0Celso Sabino, caminha em sentido contr\u00e1rio a todas as recomenda\u00e7\u00f5es internacionais que endossam a progressividade dos tributos, com vistas a\u00a0contribuir para a sa\u00fade e recupera\u00e7\u00e3o das economias dos pa\u00edses. A proposta\u00a0sabota, ainda, o pacto federativo brasileiro, pretendendo transferir mais de 90%\u00a0do custo desta desonera\u00e7\u00e3o da renda de mais ricos com a subtra\u00e7\u00e3o de receitas de\u00a0estados e munic\u00edpios.<\/em><\/p>\n<p><em>Originalmente, o PL apresentado pelo governo previa neutralidade fiscal e medidas que,\u00a0no seu conjunto, implicariam menor tributa\u00e7\u00e3o da classe m\u00e9dia e maior tributa\u00e7\u00e3o dos\u00a0mais ricos, como demonstraram estimativas apresentadas na semana passada. Sendo o\u00a0Brasil conhecido internacionalmente como \u201cpara\u00edso fiscal dos super-ricos\u201d, o projeto\u00a0tinha saldo positivo &#8212; ainda que reclamasse ajustes &#8212; no sentido de aperfei\u00e7oar a\u00a0deformidade regressiva de nosso sistema tribut\u00e1rio, desconcentrando um pouco a renda\u00a0do Brasil.<\/em><\/p>\n<p><em>Essa proposta original que chegou ao Congresso tinha espa\u00e7o para eventuais ajustes por\u00a0redu\u00e7\u00e3o na faixa de isen\u00e7\u00e3o sobre dividendos ou da al\u00edquota do IRPJ e da CSLL. Contudo,\u00a0o texto do relator reduziu drasticamente o IRPJ, n\u00e3o reviu a ampla faixa de isen\u00e7\u00e3o para\u00a0dividendos e ainda retirou do texto a previs\u00e3o de que as transfer\u00eancias de dividendos\u00a0entre empresas de um mesmo grupo seriam taxadas, atendendo ao desejo de grupos\u00a0privilegiados que se utilizam de holdings familiares para pagar menos impostos.\u00a0Grandes empresas ser\u00e3o beneficiadas com a redu\u00e7\u00e3o pela metade do IRPJ, de 25% para\u00a012,5%, e poder\u00e3o fugir \u00e0 tributa\u00e7\u00e3o de 20% sobre dividendos, desde que os mesmos\u00a0sejam transferidos a uma holding familiar. Na pr\u00e1tica, portanto, os dividendos<\/em><br \/>\n<em>acumulados pelas fam\u00edlias mais ricas s\u00f3 ser\u00e3o tributados quando forem efetivamente\u00a0\u00a0distribu\u00eddos para as pessoas f\u00edsicas, e o valor do imposto diferido para um futuro\u00a0long\u00ednquo quando ser\u00e1 reduzido pela infla\u00e7\u00e3o.<\/em><\/p>\n<p><em>A t\u00e9cnica inepta \u00e9 agravada pelo desconhecimento da exist\u00eancia de um pacto federativo\u00a0na Constitui\u00e7\u00e3o do pa\u00eds, dado o flagrante atentado a este, ao se propor que mais de 95%\u00a0do desequil\u00edbrio fiscal pretendido pelo substitutivo seja quase que inteiramente\u00a0 suportado pelos entes subnacionais.\u00a0\u00c9 que o relator entendeu tamb\u00e9m por compensar a Uni\u00e3o pelos descontos concedidos\u00a0aos mais ricos em detrimento do financiamento de servi\u00e7os aos mais pobres, conferindo\u00a0a ela mais receitas de tributos federais n\u00e3o partilhados com os demais entes.\u00a0Al\u00e9m disso, o relat\u00f3rio ampliar\u00e1 os incentivos \u00e0 pejotiza\u00e7\u00e3o, na medida em que as micro\u00a0e pequenas empresas ter\u00e3o redu\u00e7\u00e3o do IRPJ e ainda permanecer\u00e3o isentas de tributa\u00e7\u00e3o sobre os dividendos at\u00e9 o limite de R$ 240 mil anuais por s\u00f3cio \u2013 uma faixa de isen\u00e7\u00e3o\u00a0muito maior do que os R$ 30 mil da popula\u00e7\u00e3o assalariada. Caso os n\u00fameros divulgados pelo relator sejam precisos e a redu\u00e7\u00e3o de arrecada\u00e7\u00e3o se\u00a0aproximar de R$ 30 bilh\u00f5es, os estados e munic\u00edpios reduzir\u00e3o em, pelo menos, R$ 27,4\u00a0 bilh\u00f5es suas receitas com Fundos de Participa\u00e7\u00e3o e reten\u00e7\u00f5es em folha, recursos que\u00a0seriam aplicados no financiamento de servi\u00e7os de sa\u00fade e educa\u00e7\u00e3o, sobretudo para os\u00a0menos favorecidos.<\/em><\/p>\n<p><em>O relat\u00f3rio atenta contra o equil\u00edbrio fiscal da Uni\u00e3o, estados e mun\u00edcipios, que v\u00eam\u00a0lutando para equalizar suas contas desde a crise de 2015 e que foi agravada pela\u00a0pandemia que se iniciou no ano passado, sem um horizonte concreto de desfecho.\u00a0Dessa forma, o relat\u00f3rio, tal qual apresentado, deve agravar a m\u00e1 distribui\u00e7\u00e3o de renda\u00a0no pa\u00eds, n\u00e3o s\u00f3 por desonerar a renda de capital que beneficia principalmente os mais\u00a0ricos, como tamb\u00e9m por reduzir o montante de recursos dispon\u00edveis para serem\u00a0aplicados em programas sociais.\u00a0<\/em><\/p>\n<p><em>Se o desejo do governo federal ou do relator \u00e9 o de reduzir a carga tribut\u00e1ria, que o fa\u00e7am\u00a0reduzindo a tributa\u00e7\u00e3o sobre o consumo e n\u00e3o a tributa\u00e7\u00e3o sobre a renda, tal qual\u00a0preconizado por estudos e organismos internacionais na atualidade.\u00a0Postulamos a rejei\u00e7\u00e3o integral do substitutivo para garantir \u00e0 popula\u00e7\u00e3o brasileira\u00a0dignidade e servi\u00e7os p\u00fablicos que condigam com a express\u00e3o das vontades democr\u00e1ticas\u00a0que nos conduziram \u00e0s atuais gest\u00f5es das administra\u00e7\u00f5es p\u00fablicas subnacionais.<\/em><\/p>\n<p>&nbsp;<\/p>\n<p><em>Bras\u00edlia-DF, 15 de julho de 2021.<\/em><\/p>\n<p><em>Rafael Tajra Fonteles<\/em><\/p>\n<p><em>Presidente<\/em><\/p>\n<p><em>Comsefaz<\/em><\/p>\n<figure id=\"attachment_19895\" aria-describedby=\"caption-attachment-19895\" style=\"width: 640px\" class=\"wp-caption alignnone\"><a href=\"https:\/\/blogs.correiobraziliense.com.br\/vicente\/wp-content\/uploads\/sites\/16\/2021\/07\/IMG_6255.jpg\"><img loading=\"lazy\" decoding=\"async\" class=\"size-full wp-image-19895\" src=\"https:\/\/blogs.correiobraziliense.com.br\/vicente\/wp-content\/uploads\/sites\/16\/2021\/07\/IMG_6255.jpg\" alt=\"\" width=\"640\" height=\"480\" srcset=\"https:\/\/blogs.correiobraziliense.com.br\/vicente\/wp-content\/uploads\/sites\/16\/2021\/07\/IMG_6255.jpg 640w, https:\/\/blogs.correiobraziliense.com.br\/vicente\/wp-content\/uploads\/sites\/16\/2021\/07\/IMG_6255-300x225.jpg 300w, https:\/\/blogs.correiobraziliense.com.br\/vicente\/wp-content\/uploads\/sites\/16\/2021\/07\/IMG_6255-550x413.jpg 550w, https:\/\/blogs.correiobraziliense.com.br\/vicente\/wp-content\/uploads\/sites\/16\/2021\/07\/IMG_6255-230x173.jpg 230w\" sizes=\"auto, (max-width: 640px) 100vw, 640px\" \/><\/a><figcaption id=\"caption-attachment-19895\" class=\"wp-caption-text\">reprodu\u00e7\u00e3o<\/figcaption><\/figure>\n<p>&nbsp;<\/p>\n<p>&nbsp;<\/p>\n","protected":false},"excerpt":{"rendered":"<p>ROSANA HESSEL O Comit\u00ea Nacional dos Secret\u00e1rios de Fazenda dos Estados e do Distrito Federal (Comsefaz), em carta divulgada nesta quinta-feira (15\/7), pediu a rejei\u00e7\u00e3o integral do relat\u00f3rio preliminar do deputado federal Celso Sabino (PSDB-PA) ao projeto de lei que trata da reforma do Imposto de Renda, o PL 2337\/2021. &nbsp; Para os secret\u00e1rios estaduais [&hellip;]<\/p>\n","protected":false},"author":22,"featured_media":19579,"comment_status":"open","ping_status":"closed","sticky":false,"template":"","format":"standard","meta":{"footnotes":""},"categories":[600],"tags":[5611,2478,5600,1350,5612],"class_list":["post-19891","post","type-post","status-publish","format-standard","has-post-thumbnail","hentry","category-economia","tag-comsefaz","tag-imposto","tag-reforma-do-ir","tag-reforma-tributaria","tag-relatorio-preliminar"],"_links":{"self":[{"href":"https:\/\/blogs.correiobraziliense.com.br\/vicente\/wp-json\/wp\/v2\/posts\/19891","targetHints":{"allow":["GET"]}}],"collection":[{"href":"https:\/\/blogs.correiobraziliense.com.br\/vicente\/wp-json\/wp\/v2\/posts"}],"about":[{"href":"https:\/\/blogs.correiobraziliense.com.br\/vicente\/wp-json\/wp\/v2\/types\/post"}],"author":[{"embeddable":true,"href":"https:\/\/blogs.correiobraziliense.com.br\/vicente\/wp-json\/wp\/v2\/users\/22"}],"replies":[{"embeddable":true,"href":"https:\/\/blogs.correiobraziliense.com.br\/vicente\/wp-json\/wp\/v2\/comments?post=19891"}],"version-history":[{"count":8,"href":"https:\/\/blogs.correiobraziliense.com.br\/vicente\/wp-json\/wp\/v2\/posts\/19891\/revisions"}],"predecessor-version":[{"id":19922,"href":"https:\/\/blogs.correiobraziliense.com.br\/vicente\/wp-json\/wp\/v2\/posts\/19891\/revisions\/19922"}],"wp:featuredmedia":[{"embeddable":true,"href":"https:\/\/blogs.correiobraziliense.com.br\/vicente\/wp-json\/wp\/v2\/media\/19579"}],"wp:attachment":[{"href":"https:\/\/blogs.correiobraziliense.com.br\/vicente\/wp-json\/wp\/v2\/media?parent=19891"}],"wp:term":[{"taxonomy":"category","embeddable":true,"href":"https:\/\/blogs.correiobraziliense.com.br\/vicente\/wp-json\/wp\/v2\/categories?post=19891"},{"taxonomy":"post_tag","embeddable":true,"href":"https:\/\/blogs.correiobraziliense.com.br\/vicente\/wp-json\/wp\/v2\/tags?post=19891"}],"curies":[{"name":"wp","href":"https:\/\/api.w.org\/{rel}","templated":true}]}}