{"id":19860,"date":"2021-07-15T10:57:57","date_gmt":"2021-07-15T13:57:57","guid":{"rendered":"https:\/\/blogs.correiobraziliense.com.br\/vicente\/?p=19860"},"modified":"2024-01-09T19:04:58","modified_gmt":"2024-01-09T22:04:58","slug":"governadores-lancam-projeto-de-preservacao-da-amazonia","status":"publish","type":"post","link":"https:\/\/blogs.correiobraziliense.com.br\/vicente\/governadores-lancam-projeto-de-preservacao-da-amazonia\/","title":{"rendered":"Governadores lan\u00e7am projeto de preserva\u00e7\u00e3o da Amaz\u00f4nia"},"content":{"rendered":"<h2>ROSANA HESSEL<\/h2>\n<h2><\/h2>\n<h2>Enquanto as queimadas e o desmatamento na Amaz\u00f4nia batem recordes e o governo federal pouco tem feito para minimizar esse problema, os\u00a0governadores da regi\u00e3o da Amaz\u00f4nia Legal se uniram para lan\u00e7ar um projeto de recupera\u00e7\u00e3o da floresta.<\/h2>\n<p>&nbsp;<\/p>\n<p>O Plano de Recupera\u00e7\u00e3o Verde (PRV) prev\u00ea R$ 1,5 bilh\u00e3o na primeira fase do projeto, que tem como eixo a\u00e7\u00f5es para frear o desmatamento ilegal, o desenvolvimento produtivo sustent\u00e1vel e investimento em tecnologia verde e capacita\u00e7\u00e3o. O financiamento ser\u00e1 via or\u00e7amento p\u00fablico, parceria privada, fundos e Banco Nacional de Desenvolvimento Econ\u00f4mico e Social (BNDES).<\/p>\n<p>&nbsp;<\/p>\n<p>Os detalhes do projeto ser\u00e3o apresentados pelo presidente do Cons\u00f3rcio Amaz\u00f4nia Legal, o governador do Maranh\u00e3o, Fl\u00e1vio Dino (PSB) , na pr\u00f3xima sexta-feira (16), \u00e0s 10h, em Bras\u00edlia.<\/p>\n<p>&nbsp;<\/p>\n<p>O Cons\u00f3rcio Amaz\u00f4nia Legal \u00e9 formado por nove estados de tr\u00eas regi\u00f5es do pa\u00eds: Amap\u00e1, Acre, Amazonas, Par\u00e1, Maranh\u00e3o, Mato Grosso, Rond\u00f4nia, Roraima e Tocantins. Tamb\u00e9m participam do lan\u00e7amento os governadores\u00a0Waldez Goes (Amap\u00e1) e Helder Barbalho (Par\u00e1).<\/p>\n<p>&nbsp;<\/p>\n","protected":false},"excerpt":{"rendered":"<p>ROSANA HESSEL Enquanto as queimadas e o desmatamento na Amaz\u00f4nia batem recordes e o governo federal pouco tem feito para minimizar esse problema, os\u00a0governadores da regi\u00e3o da Amaz\u00f4nia Legal se uniram para lan\u00e7ar um projeto de recupera\u00e7\u00e3o da floresta. &nbsp; O Plano de Recupera\u00e7\u00e3o Verde (PRV) prev\u00ea R$ 1,5 bilh\u00e3o na primeira fase do projeto, [&hellip;]<\/p>\n","protected":false},"author":22,"featured_media":19259,"comment_status":"open","ping_status":"closed","sticky":false,"template":"","format":"standard","meta":{"footnotes":""},"categories":[600],"tags":[5608,5366,5609,460,4096],"class_list":["post-19860","post","type-post","status-publish","format-standard","has-post-thumbnail","hentry","category-economia","tag-consorico-amazonia-legal","tag-desmatamento","tag-flavio-dino","tag-meio-ambiente","tag-queimadas"],"_links":{"self":[{"href":"https:\/\/blogs.correiobraziliense.com.br\/vicente\/wp-json\/wp\/v2\/posts\/19860","targetHints":{"allow":["GET"]}}],"collection":[{"href":"https:\/\/blogs.correiobraziliense.com.br\/vicente\/wp-json\/wp\/v2\/posts"}],"about":[{"href":"https:\/\/blogs.correiobraziliense.com.br\/vicente\/wp-json\/wp\/v2\/types\/post"}],"author":[{"embeddable":true,"href":"https:\/\/blogs.correiobraziliense.com.br\/vicente\/wp-json\/wp\/v2\/users\/22"}],"replies":[{"embeddable":true,"href":"https:\/\/blogs.correiobraziliense.com.br\/vicente\/wp-json\/wp\/v2\/comments?post=19860"}],"version-history":[{"count":7,"href":"https:\/\/blogs.correiobraziliense.com.br\/vicente\/wp-json\/wp\/v2\/posts\/19860\/revisions"}],"predecessor-version":[{"id":29528,"href":"https:\/\/blogs.correiobraziliense.com.br\/vicente\/wp-json\/wp\/v2\/posts\/19860\/revisions\/29528"}],"wp:featuredmedia":[{"embeddable":true,"href":"https:\/\/blogs.correiobraziliense.com.br\/vicente\/wp-json\/wp\/v2\/media\/19259"}],"wp:attachment":[{"href":"https:\/\/blogs.correiobraziliense.com.br\/vicente\/wp-json\/wp\/v2\/media?parent=19860"}],"wp:term":[{"taxonomy":"category","embeddable":true,"href":"https:\/\/blogs.correiobraziliense.com.br\/vicente\/wp-json\/wp\/v2\/categories?post=19860"},{"taxonomy":"post_tag","embeddable":true,"href":"https:\/\/blogs.correiobraziliense.com.br\/vicente\/wp-json\/wp\/v2\/tags?post=19860"}],"curies":[{"name":"wp","href":"https:\/\/api.w.org\/{rel}","templated":true}]}}