{"id":19820,"date":"2021-07-13T17:33:28","date_gmt":"2021-07-13T20:33:28","guid":{"rendered":"https:\/\/blogs.correiobraziliense.com.br\/vicente\/?p=19820"},"modified":"2021-07-13T18:12:56","modified_gmt":"2021-07-13T21:12:56","slug":"apesar-de-mudancas-carga-tributaria-aumenta-na-reforma-do-ir-diz-tributarista","status":"publish","type":"post","link":"https:\/\/blogs.correiobraziliense.com.br\/vicente\/apesar-de-mudancas-carga-tributaria-aumenta-na-reforma-do-ir-diz-tributarista\/","title":{"rendered":"Apesar de mudan\u00e7as, carga tribut\u00e1ria aumenta na reforma do IR, diz tributarista"},"content":{"rendered":"<h2>ROSANA HESSEL<\/h2>\n<h2><\/h2>\n<h2><span style=\"font-weight: 400\">O relat\u00f3rio preliminar do deputado federal Celso Sabino (PSDB-PA), divulgado nesta ter\u00e7a-feira (13\/7) ap\u00f3s reuni\u00e3o com l\u00edderes na resid\u00eancia oficial da C\u00e2mara dos Deputados, continua aumentando a carga tribut\u00e1ria das empresas de forma generalizada, na avalia\u00e7\u00e3o do advogado tributarista Ilan Gorin.\u00a0<\/span><\/h2>\n<p>&nbsp;<\/p>\n<p>Sabino fez algumas altera\u00e7\u00f5es na segunda proposta de reforma tribut\u00e1ria do Executivo, encaminhada ao Congresso no \u00faltimo dia 25, o PL 2337\/2021 <a href=\"https:\/\/blogs.correiobraziliense.com.br\/vicente\/o-relatorio-e-ousado-e-prudente-diz-relator-da-reforma-do-ir\/\">e garantiu que o impacto ser\u00e1 de &#8220;redu\u00e7\u00e3o de R$ 30 bilh\u00f5es na carga tribut\u00e1ria&#8221;.<\/a> O relator manteve em 20% a tributa\u00e7\u00e3o sobre dividendos e o fim da dedutibilidade de Juros sobre Capital Pr\u00f3prio (JCP) das empresas e prev\u00ea a redu\u00e7\u00e3o de 15% para 2,5% o Imposto de Renda Pessoa Jur\u00eddica (IRPJ) sobre o lucro.<\/p>\n<p>&nbsp;<\/p>\n<p>A al\u00edquota adicional de IRPJ de 10% sobre o lucro acima de R$ 20 mil foi mantida assim como a Contribui\u00e7\u00e3o Social sobre o Lucro L\u00edquido (CSLL), de 9%. Com isso, a al\u00edquota nominal de IRPJ-CSLL, que \u00e9 um dos principal tributos arrecadados pela Receita Federal, ser\u00e1 de 21,5%. Logo, p<span style=\"font-weight: 400\">elas contas de Gorin, aquelas empresas que declaram por lucro presumido o aumento ser\u00e1 de 98% sobre os impostos atualmente pagos, para aquelas que optam por prestar contas com as empresas de lucro presumido, em m\u00e9dia, e de 27% para empresa de lucro real.\u00a0<\/span><\/p>\n<p>&nbsp;<\/p>\n<p>&#8220;A proposta continua aumentando a carga tribut\u00e1ria para a maioria das empresas, tanto de lucro real quanto de lucro presumido, e ainda gera mais burocracia para o governo que vai passar a auditar os acionistas com um \u00fanico prop\u00f3sito: aumento de arrecada\u00e7\u00e3o&#8221;, criticou Gorin.\u00a0<span style=\"font-weight: 400\">Segundo ele, nem mesmo os bancos, que j\u00e1 tem uma carga tribut\u00e1ria mais pesada do que os 34% da maioria das empresas que pegam IRPJ-CSLL, de 43%, v\u00e3o ter redu\u00e7\u00e3o de carga tribut\u00e1ria com essas mudan\u00e7as.<\/span><\/p>\n<p>&nbsp;<\/p>\n<p>De acordo com o tributarista, o quadro piora quando se analisa os efeitos da proposta da primeira fase da reforma tribut\u00e1ria do Executivo, que prev\u00ea a cria\u00e7\u00e3o da Contribui\u00e7\u00e3o sobre Bens e Servi\u00e7os (CBS), resultado da unifica\u00e7\u00e3o das al\u00edquotas de PIS-Cofins em 12%. &#8220;Continuo absolutamente contr\u00e1rio a essa reforma tribut\u00e1ria, sem <span style=\"font-weight: 400\">sem falar na unifica\u00e7\u00e3o de PIS-Cofins, que vai triplicar o imposto para prestador de servi\u00e7os&#8221;, acrescentou.<\/span><\/p>\n<p>&nbsp;<\/p>\n<p>Ontem, a <a href=\"https:\/\/www.correiobraziliense.com.br\/economia\/2021\/07\/4937207-ir-analistas-apontam-dados-subavaliados-em-nova-estimativa-de-impacto-da-reforma.html\">Receita Federal divulgou novas estimativas de impacto da proposta e analistas apontaram que os dados estavam subdimensionados<\/a>.\u00a0Gorin rebateu as afirma\u00e7\u00f5es do governo e do Sabino de que n\u00e3o haver\u00e1 aumento de carga tribut\u00e1ria com a proposta.\u00a0&#8220;A matem\u00e1tica do relator e do governo fecha porque eles subdimensionam a receita com dividendos e \u00e9 f\u00e1cil aparentar que n\u00e3o vai ter aumento da carga tribut\u00e1ria e de arrecada\u00e7\u00e3o. Mas \u00e9 uma realidade no longo prazo. O imposto de renda sobre dividendos ser\u00e1 pago em algum momento e eles se valem dessa vari\u00e1vel no tempo para afirmar que n\u00e3o vai ter aumento de arrecada\u00e7\u00e3o.\u00a0 At\u00e9 na extin\u00e7\u00e3o da sociedade vai ter tributa\u00e7\u00e3o&#8221;, alertou.<\/p>\n<p>&nbsp;<\/p>\n<p><strong>Modelo copiado<\/strong><\/p>\n<p>&nbsp;<\/p>\n<p>O especialista ainda criticou o fim da isen\u00e7\u00e3o do JCP, porque esse benef\u00edcio \u00e9 um elemento que o mercado europeu pretende usar a partir do ano que vem para ajudar a melhorar a vida das empresas nas \u00faltimas d\u00e9cadas. &#8220;N\u00e3o\u00a0<span style=\"font-weight: 400\">vejo sentido em alterar a modalidade atual&#8221;, afirmou Gorin. Ele destacou que o\u00a0<\/span>JCP, que \u00e9 uma forma de remunera\u00e7\u00e3o para os acionistas e \u00e9 tributado em 15% na fonte, mas dedut\u00edvel na declara\u00e7\u00e3o do IR,\u00a0 passar\u00e1 a ser uma despesa adicional para as empresas assim como os 20% sobre os dividendos.<\/p>\n<p>&nbsp;<\/p>\n<p>&#8220;A Comiss\u00e3o Europeia acabou de recomendar, em maio, ao Parlamento Europeu o seu uso imediato do JCP. \u00c9\u00a0triste que o governo brasileiro sabedor que o JCP favoreceu as empresas de capital aberto a captarem capital pr\u00f3prio de R$ 3,8 trilh\u00f5es desde sua cria\u00e7\u00e3o em 1995, R$ 1,8 trilh\u00e3o de endividamento, afirme o contr\u00e1rio na exposi\u00e7\u00e3o de motivos como premissa para extingui-lo, e ainda desdenhe de item do sistema tribut\u00e1rio nacional agora enaltecido por toda a Europa&#8221;, afirmou.<\/p>\n<p>&nbsp;<\/p>\n<p>Para o tributarista, o JCP ajuda a incentivar o investimento produtivo e o empreendedorismo e, por conta disso, a medida est\u00e1 sendo estudada pelos pa\u00edses europeus e, portanto, n\u00e3o \u00e9 uma jabuticaba. &#8220;A Comiss\u00e3o Europeia dever\u00e1 apresentar uma proposta para abordar a tend\u00eancia \u00e0 d\u00edvida-capital na tributa\u00e7\u00e3o societ\u00e1ria, por meio de um sistema de subs\u00eddios para financiamento de capital, contribuindo assim para a re-capitaliza\u00e7\u00e3o de empresas financeiramente vulner\u00e1veis. A proposta ir\u00e1 incorporar medidas anti-abuso para garantir que n\u00e3o seja utilizada para fins n\u00e3o desejados&#8221;, acrescentou.<\/p>\n<p>&nbsp;<\/p>\n<p>&nbsp;<\/p>\n","protected":false},"excerpt":{"rendered":"<p>ROSANA HESSEL O relat\u00f3rio preliminar do deputado federal Celso Sabino (PSDB-PA), divulgado nesta ter\u00e7a-feira (13\/7) ap\u00f3s reuni\u00e3o com l\u00edderes na resid\u00eancia oficial da C\u00e2mara dos Deputados, continua aumentando a carga tribut\u00e1ria das empresas de forma generalizada, na avalia\u00e7\u00e3o do advogado tributarista Ilan Gorin.\u00a0 &nbsp; Sabino fez algumas altera\u00e7\u00f5es na segunda proposta de reforma tribut\u00e1ria do [&hellip;]<\/p>\n","protected":false},"author":22,"featured_media":19581,"comment_status":"open","ping_status":"closed","sticky":false,"template":"","format":"standard","meta":{"footnotes":""},"categories":[600],"tags":[341,1259,254,808,5603,1350],"class_list":["post-19820","post","type-post","status-publish","format-standard","has-post-thumbnail","hentry","category-economia","tag-camara-dos-deputados","tag-carga-tributaria","tag-congresso","tag-imposto-de-renda","tag-pl-2337-2021","tag-reforma-tributaria"],"_links":{"self":[{"href":"https:\/\/blogs.correiobraziliense.com.br\/vicente\/wp-json\/wp\/v2\/posts\/19820","targetHints":{"allow":["GET"]}}],"collection":[{"href":"https:\/\/blogs.correiobraziliense.com.br\/vicente\/wp-json\/wp\/v2\/posts"}],"about":[{"href":"https:\/\/blogs.correiobraziliense.com.br\/vicente\/wp-json\/wp\/v2\/types\/post"}],"author":[{"embeddable":true,"href":"https:\/\/blogs.correiobraziliense.com.br\/vicente\/wp-json\/wp\/v2\/users\/22"}],"replies":[{"embeddable":true,"href":"https:\/\/blogs.correiobraziliense.com.br\/vicente\/wp-json\/wp\/v2\/comments?post=19820"}],"version-history":[{"count":8,"href":"https:\/\/blogs.correiobraziliense.com.br\/vicente\/wp-json\/wp\/v2\/posts\/19820\/revisions"}],"predecessor-version":[{"id":19831,"href":"https:\/\/blogs.correiobraziliense.com.br\/vicente\/wp-json\/wp\/v2\/posts\/19820\/revisions\/19831"}],"wp:featuredmedia":[{"embeddable":true,"href":"https:\/\/blogs.correiobraziliense.com.br\/vicente\/wp-json\/wp\/v2\/media\/19581"}],"wp:attachment":[{"href":"https:\/\/blogs.correiobraziliense.com.br\/vicente\/wp-json\/wp\/v2\/media?parent=19820"}],"wp:term":[{"taxonomy":"category","embeddable":true,"href":"https:\/\/blogs.correiobraziliense.com.br\/vicente\/wp-json\/wp\/v2\/categories?post=19820"},{"taxonomy":"post_tag","embeddable":true,"href":"https:\/\/blogs.correiobraziliense.com.br\/vicente\/wp-json\/wp\/v2\/tags?post=19820"}],"curies":[{"name":"wp","href":"https:\/\/api.w.org\/{rel}","templated":true}]}}