{"id":1982,"date":"2016-07-14T06:10:43","date_gmt":"2016-07-14T09:10:43","guid":{"rendered":"https:\/\/blogs.correiobraziliense.com.br\/vicente\/?p=1982"},"modified":"2016-07-14T18:17:57","modified_gmt":"2016-07-14T21:17:57","slug":"as-novas-forcas-politicas","status":"publish","type":"post","link":"https:\/\/blogs.correiobraziliense.com.br\/vicente\/as-novas-forcas-politicas\/","title":{"rendered":"As novas for\u00e7as pol\u00edticas"},"content":{"rendered":"<p>POR ANTONIO TEM\u00d3TEO<\/p>\n<p>&nbsp;<\/p>\n<p>O novo presidente da C\u00e2mara dos Deputados, Rodrigo Maia (DEM-RJ), ter\u00e1 de conciliar os interesses de tr\u00eas grandes grupos durante os seis meses e meio de mandato. Com projetos de poder distintos, o Centr\u00e3o (PR, PSD, PP, PTB e outros partidos menores), o Centrinho (PSDB, DEM, PPS e PSB) e a nova oposi\u00e7\u00e3o (PT, PCdoB, PDT, PSol e a Rede) ser\u00e3o as for\u00e7as pol\u00edticas do pa\u00eds at\u00e9 a pr\u00f3xima elei\u00e7\u00e3o, em 2018. Al\u00e9m desses blocos, o PMDB \u2014 que afirma ser independente \u2014 pretende atuar como o fiel da balan\u00e7a nos principais embates na Casa.<\/p>\n<p>&nbsp;<\/p>\n<p>Maior grupo da C\u00e2mara e da base aliada, o Centr\u00e3o \u00e9 composto por 17 partidos pol\u00edticos e tem uma bancada de 232 deputados. Considerados em sua maioria conservadores, os parlamentares do bloco demonstram um apetite voraz por cargos no governo. Para Ant\u00f4nio Augusto de Queiroz, analista pol\u00edtico do Departamento Intersindical de Assessoria Parlamentar (Diap), esse grupo tem um perfil fisiol\u00f3gico, com diversas for\u00e7as e interesses dispersos. \u201cEduardo Cunha (PMDB-RJ) conciliava os pleitos do Centr\u00e3o quando presidia a Casa, mas agora falta um l\u00edder\u201d, avalia.<\/p>\n<p>&nbsp;<\/p>\n<p>Antiga oposi\u00e7\u00e3o durante o governo petista, o Centrinho tem 117 deputados e se uniu \u00e0 gest\u00e3o de Michel Temer para conseguir aprovar o processo de impeachment da presidente da Rep\u00fablica afastada, Dilma Rousseff. Na opini\u00e3o do cientista pol\u00edtico Carlos Melo, professor da escola de neg\u00f3cios Insper, o grupo liderado pelo PSDB tenta se diferenciar do Centr\u00e3o ao estabelecer uma rela\u00e7\u00e3o de apoio cr\u00edtico ao Executivo. \u201cN\u00e3o ficou claro se eles ter\u00e3o sucesso com esse estilo de atua\u00e7\u00e3o, mas o que \u00e9 claro \u00e9 que eles t\u00eam um projeto pol\u00edtico pr\u00f3prio\u201d, destaca.<\/p>\n<p>&nbsp;<\/p>\n<p><strong>Esquerda fr\u00e1gil<\/strong><\/p>\n<p>&nbsp;<\/p>\n<p>Al\u00e9m dos grupos que sustentam o governo Michel Temer, a oposi\u00e7\u00e3o \u2014 capitaneada pelo PT \u2014 tem cinco partidos e 97 deputados. Carlos Melo, do Insper, comenta que esse grupo foi a base de sustenta\u00e7\u00e3o da gest\u00e3o de Lula e de Dilma durante seus mandatos presidenciais e teve a imagem profundamente afetada pelos sucessivos esc\u00e2ndalos de corrup\u00e7\u00e3o dos \u00faltimos anos. \u201cA polaridade entre esquerda e direita n\u00e3o existe mais. Atualmente, temos uma tens\u00e3o natural entre o fisiologismo e a necessidade de se construir uma agenda para a retomada do crescimento do pa\u00eds\u201d, diz.<\/p>\n<p>&nbsp;<\/p>\n<p>Para Queiroz, do Diap, em meio aos interesses distintos dos tr\u00eas grupos pol\u00edticos que se formaram na C\u00e2mara, o PMDB, partido do presidente interino, com 66 parlamentares, ser\u00e1 o fiel da balan\u00e7a nas principais discuss\u00f5es da Casa. Ele explica que a agremia\u00e7\u00e3o \u00e9 composta por diversos grupos ligados ao agroneg\u00f3cio e a setores econ\u00f4micos com pautas no parlamento. \u201cO PMDB prega independ\u00eancia e ser\u00e1 relevante para que o governo aprove os projetos do seu interesse\u201d, afirma.<\/p>\n<p>&nbsp;<\/p>\n<p>No entender de Queiroz, a tend\u00eancia \u00e9 de que o Centrinho ganhe espa\u00e7o na condu\u00e7\u00e3o dos assuntos de interesse do governo, j\u00e1 que a pauta ser\u00e1 dominada por assuntos econ\u00f4micos, como as reformas, para equilibrar as contas p\u00fablicas. J\u00e1 o Centr\u00e3o precisar\u00e1 de um l\u00edder para aglutinar os interesses fisiol\u00f3gicos do grupo. \u201cPor fim, a oposi\u00e7\u00e3o ter\u00e1 de se reinventar depois de todo o desgaste pol\u00edtico\u201d, comenta.<\/p>\n<p>&nbsp;<\/p>\n<p><em>Bras\u00edlia, 06h10min<\/em><\/p>\n","protected":false},"excerpt":{"rendered":"<p>POR ANTONIO TEM\u00d3TEO &nbsp; O novo presidente da C\u00e2mara dos Deputados, Rodrigo Maia (DEM-RJ), ter\u00e1 de conciliar os interesses de tr\u00eas grandes grupos durante os seis meses e meio de mandato. Com projetos de poder distintos, o Centr\u00e3o (PR, PSD, PP, PTB e outros partidos menores), o Centrinho (PSDB, DEM, PPS e PSB) e a [&hellip;]<\/p>\n","protected":false},"author":22,"featured_media":0,"comment_status":"open","ping_status":"closed","sticky":false,"template":"","format":"standard","meta":{"footnotes":""},"categories":[600],"tags":[341,659,664,665,111,666,656],"class_list":["post-1982","post","type-post","status-publish","format-standard","hentry","category-economia","tag-camara-dos-deputados","tag-centrao","tag-centrinho","tag-eleicoes","tag-michel-temer","tag-reformas","tag-rodrigo-maia"],"_links":{"self":[{"href":"https:\/\/blogs.correiobraziliense.com.br\/vicente\/wp-json\/wp\/v2\/posts\/1982","targetHints":{"allow":["GET"]}}],"collection":[{"href":"https:\/\/blogs.correiobraziliense.com.br\/vicente\/wp-json\/wp\/v2\/posts"}],"about":[{"href":"https:\/\/blogs.correiobraziliense.com.br\/vicente\/wp-json\/wp\/v2\/types\/post"}],"author":[{"embeddable":true,"href":"https:\/\/blogs.correiobraziliense.com.br\/vicente\/wp-json\/wp\/v2\/users\/22"}],"replies":[{"embeddable":true,"href":"https:\/\/blogs.correiobraziliense.com.br\/vicente\/wp-json\/wp\/v2\/comments?post=1982"}],"version-history":[{"count":1,"href":"https:\/\/blogs.correiobraziliense.com.br\/vicente\/wp-json\/wp\/v2\/posts\/1982\/revisions"}],"predecessor-version":[{"id":1983,"href":"https:\/\/blogs.correiobraziliense.com.br\/vicente\/wp-json\/wp\/v2\/posts\/1982\/revisions\/1983"}],"wp:attachment":[{"href":"https:\/\/blogs.correiobraziliense.com.br\/vicente\/wp-json\/wp\/v2\/media?parent=1982"}],"wp:term":[{"taxonomy":"category","embeddable":true,"href":"https:\/\/blogs.correiobraziliense.com.br\/vicente\/wp-json\/wp\/v2\/categories?post=1982"},{"taxonomy":"post_tag","embeddable":true,"href":"https:\/\/blogs.correiobraziliense.com.br\/vicente\/wp-json\/wp\/v2\/tags?post=1982"}],"curies":[{"name":"wp","href":"https:\/\/api.w.org\/{rel}","templated":true}]}}