{"id":1980,"date":"2016-07-14T12:05:47","date_gmt":"2016-07-14T15:05:47","guid":{"rendered":"https:\/\/blogs.correiobraziliense.com.br\/vicente\/?p=1980"},"modified":"2016-07-14T18:03:59","modified_gmt":"2016-07-14T21:03:59","slug":"aeroporto-de-brasilia-despenca-no-ranking-de-qualidade","status":"publish","type":"post","link":"https:\/\/blogs.correiobraziliense.com.br\/vicente\/aeroporto-de-brasilia-despenca-no-ranking-de-qualidade\/","title":{"rendered":"Aeroporto de Bras\u00edlia despenca no ranking de qualidade"},"content":{"rendered":"<p>POR SIMONE KAFRUNI<\/p>\n<p>&nbsp;<\/p>\n<p>A qualidade dos servi\u00e7os do aeroporto de Bras\u00edlia despencou. E n\u00e3o precisa ser um viajante constante para perceber isso. Segundo pesquisa de satisfa\u00e7\u00e3o dos passageiros, realizada pelo Minist\u00e9rio dos Transporte e da Avia\u00e7\u00e3o Civil, o terminal da capital do pa\u00eds caiu da 4\u00aa para a 13\u00aa posi\u00e7\u00e3o, ficando \u00e0 frente somente de Congonhas e Gale\u00e3o, este \u00faltimo, repassado \u00e0 iniciativa privada.<\/p>\n<p>&nbsp;<\/p>\n<p>Segundo a Inframerica, que administra o aeroporto de Bras\u00edlia, a piora no ranking esperada, em virtude das obras realizadas no sagu\u00e3o durante o per\u00edodo em que foi feito o levantamento, entre abril e junho deste ano. Mas n\u00e3o \u00e9 s\u00f3. Os restaurantes do terminal s\u00e3o ruins, o atendimento \u00e9 p\u00e9ssimo e os pre\u00e7os, alt\u00edssimos. Os banheiros est\u00e3o sempre com problemas.<\/p>\n<p>&nbsp;<\/p>\n<p>A pesquisa \u00e9 realizada nos 15 maiores aeroportos do pa\u00eds, por onde passam 80% dos passageiros.<\/p>\n","protected":false},"excerpt":{"rendered":"<p>POR SIMONE KAFRUNI &nbsp; A qualidade dos servi\u00e7os do aeroporto de Bras\u00edlia despencou. E n\u00e3o precisa ser um viajante constante para perceber isso. Segundo pesquisa de satisfa\u00e7\u00e3o dos passageiros, realizada pelo Minist\u00e9rio dos Transporte e da Avia\u00e7\u00e3o Civil, o terminal da capital do pa\u00eds caiu da 4\u00aa para a 13\u00aa posi\u00e7\u00e3o, ficando \u00e0 frente somente [&hellip;]<\/p>\n","protected":false},"author":22,"featured_media":0,"comment_status":"open","ping_status":"closed","sticky":false,"template":"","format":"standard","meta":{"footnotes":""},"categories":[600],"tags":[233,663,279,662],"class_list":["post-1980","post","type-post","status-publish","format-standard","hentry","category-economia","tag-aeroporto-de-brasilia","tag-piora-dos-servicos","tag-queda","tag-ranking"],"_links":{"self":[{"href":"https:\/\/blogs.correiobraziliense.com.br\/vicente\/wp-json\/wp\/v2\/posts\/1980","targetHints":{"allow":["GET"]}}],"collection":[{"href":"https:\/\/blogs.correiobraziliense.com.br\/vicente\/wp-json\/wp\/v2\/posts"}],"about":[{"href":"https:\/\/blogs.correiobraziliense.com.br\/vicente\/wp-json\/wp\/v2\/types\/post"}],"author":[{"embeddable":true,"href":"https:\/\/blogs.correiobraziliense.com.br\/vicente\/wp-json\/wp\/v2\/users\/22"}],"replies":[{"embeddable":true,"href":"https:\/\/blogs.correiobraziliense.com.br\/vicente\/wp-json\/wp\/v2\/comments?post=1980"}],"version-history":[{"count":1,"href":"https:\/\/blogs.correiobraziliense.com.br\/vicente\/wp-json\/wp\/v2\/posts\/1980\/revisions"}],"predecessor-version":[{"id":1981,"href":"https:\/\/blogs.correiobraziliense.com.br\/vicente\/wp-json\/wp\/v2\/posts\/1980\/revisions\/1981"}],"wp:attachment":[{"href":"https:\/\/blogs.correiobraziliense.com.br\/vicente\/wp-json\/wp\/v2\/media?parent=1980"}],"wp:term":[{"taxonomy":"category","embeddable":true,"href":"https:\/\/blogs.correiobraziliense.com.br\/vicente\/wp-json\/wp\/v2\/categories?post=1980"},{"taxonomy":"post_tag","embeddable":true,"href":"https:\/\/blogs.correiobraziliense.com.br\/vicente\/wp-json\/wp\/v2\/tags?post=1980"}],"curies":[{"name":"wp","href":"https:\/\/api.w.org\/{rel}","templated":true}]}}