{"id":19768,"date":"2021-07-13T12:03:52","date_gmt":"2021-07-13T15:03:52","guid":{"rendered":"https:\/\/blogs.correiobraziliense.com.br\/vicente\/?p=19768"},"modified":"2021-07-13T14:09:53","modified_gmt":"2021-07-13T17:09:53","slug":"servicos-crescem-12-em-maio-recuperando-patamar-pre-pandemia","status":"publish","type":"post","link":"https:\/\/blogs.correiobraziliense.com.br\/vicente\/servicos-crescem-12-em-maio-recuperando-patamar-pre-pandemia\/","title":{"rendered":"Servi\u00e7os crescem 1,2% em maio, recuperando patamar pr\u00e9-pandemia"},"content":{"rendered":"<h2><span style=\"font-weight: 400\">ROSANA HESSEL<\/span><\/h2>\n<h2><span style=\"font-weight: 400\">O setor de servi\u00e7os apresentou crescimento de 1,2% em maio, dado levemente abaixo da alta de 1,3% de abril, conforme dados do Instituto Brasileiro de Geografia e Estat\u00edstica divulgados nesta ter\u00e7a-feira (13\/7) com base na s\u00e9rie com ajuste sazonal e com os dados de abril revisados para cima em 0,6 ponto percentual.\u00a0<\/span><\/h2>\n<p>&nbsp;<\/p>\n<p><span style=\"font-weight: 400\">Esse foi o segundo resultado positivo seguido da Pesquisa Mensal de Servi\u00e7os (PMS) do IBGE, fazendo o indicador acumular alta de 2,5%. O resultado, no entanto, \u00e9 insuficiente para reverter a perda de 3,4% observada no m\u00eas de mar\u00e7o, quando houve maior n\u00famero de restri\u00e7\u00e3o aos estabelecimentos n\u00e3o essenciais devido \u00e0 restri\u00e7\u00e3o da circula\u00e7\u00e3o de pessoas por conta do forte avan\u00e7o da segunda onda da covid-19 no pa\u00eds no terceiro m\u00eas de 2021.\u00a0<\/span><\/p>\n<p>&nbsp;<\/p>\n<p><span style=\"font-weight: 400\">Os dados do IBGE mostram ainda recupera\u00e7\u00e3o do setor de servi\u00e7os ao patamar de fevereiro de 2020, ficando 0,2% acima do n\u00edvel pr\u00e9-pandemia, refletindo melhora na atividade devido ao avan\u00e7o da vacina\u00e7\u00e3o, principalmente.\u00a0 O instituto destacou, contudo, que o segmento de servi\u00e7os ainda se encontra 11,3% abaixo do recorde hist\u00f3rico de novembro de 2014 e, se comparado com o patamar de dezembro de 2019, o indicador de maio ainda est\u00e1 9,2% abaixo.<\/span><\/p>\n<p>&nbsp;<\/p>\n<p>A PMS de maio ainda apresentam um desempenho bastante desigual, porque tr\u00eas das cinco atividades investigadas pelo IBGE, tiveram crescimento em maio. Entre os destaques ficaram os segmentos de transportes, servi\u00e7os auxiliares aos transportes e correio com alta de 3,7% e o de servi\u00e7os prestados \u00e0s fam\u00edlias, com alta de 17,9%.\u00a0Com menor impacto no \u00edndice geral, vieram os servi\u00e7os profissionais, administrativos e complementares, com alta de 1%), eliminando quase toda a perda do per\u00edodo mar\u00e7o-abril, de 1,3%.\u00a0Em contrapartida, informa\u00e7\u00e3o e comunica\u00e7\u00e3o (-1,0%) e os outros servi\u00e7os (-0,2%) apontaram os resultados negativos deste m\u00eas.<\/p>\n<p>&nbsp;<\/p>\n<p><span style=\"font-weight: 400\">No ano, o setor de servi\u00e7os acumula alta de 7,3%, com quatro dos cinco atividades pesquisadas registrando crescimento. O mais relevante em termos de gera\u00e7\u00e3o em emprego, o setor de servi\u00e7os prestados \u00e0s fam\u00edlias, continua no campo negativo. Em 12 meses encerrados em maio, a taxa do volume de servi\u00e7os apresentou queda de 2,2%.\u00a0<\/span><\/p>\n<p>&nbsp;<\/p>\n<p><span style=\"font-weight: 400\">Na compara\u00e7\u00e3o interanual, o volume de servi\u00e7os apresentou um crescimento de 23% em maio, terceira taxa positiva e a mais elevada da s\u00e9rie hist\u00f3rica do IBGE, iniciada em 2012, avan\u00e7o em todas as atividades pesquisadas, segundo os dados do IBGE. Contudo, \u00e9 bom lembrar que, em maio de 2020, a base de compara\u00e7\u00e3o \u00e9 muito baixa porque o segmento apresentou queda de 19,3%.<\/span><\/p>\n<p>&nbsp;<\/p>\n<p>&nbsp;<\/p>\n<p><span style=\"font-weight: 400\">De acordo com o economista-chefe da JF Trust Gestora de Recursos, o dado da PMS foi positivo e ajudou a antecipar o Produto Interno Bruto (PIB) do segundo trimestre com vi\u00e9s positivo. \u201cO volume de servi\u00e7os cresceu 1,2% em maio, acima das expectativas, com a ressalva que a taxa de abril foi revisada para cima em 0,6 ponto percentual, para 1,3%. Sinal positivo para o crescimento do segundo trimestre, pois o peso do setor de servi\u00e7os estaria em torno de 72% a 74% do PIB. Isso deve corroborar a expectativa de alta gradual da infla\u00e7\u00e3o dos servi\u00e7os e dos juros futuros\u201d, destacou Velho, que est\u00e1 revisando as proje\u00e7\u00f5es do PIB do segundo trimestre para um &#8220;vi\u00e9s positivo&#8221;.<\/span><\/p>\n<p>&nbsp;<\/p>\n<p><span style=\"font-weight: 400\">Andr\u00e9 Perfeito, economista-chefe da Necton Investimentos, tamb\u00e9m avaliou os dados da PMS como positivos, porque indicam a reabertura, em parte, das atividades do segmento. \u201cCom este resultado muito provavelmente deveremos ter dados positivos amanh\u00e3 no IBC-Br (Indicador de Atividade Econ\u00f4mica do Banco Central) e refor\u00e7ar a perspectiva de melhora, mesmo que sob bases ainda baixas, da economia local\u201d, afirmou. Segundo ele, se forem confirmados dados positivos no IBC-Br, provavelmente, a equipe chefiada por ele na corretora dever\u00e1 elevar a proje\u00e7\u00e3o da taxa b\u00e1sica de juros (Selic) para o fim do ano, de 6,5% para 7% anuais.<\/span><\/p>\n<p>&nbsp;<\/p>\n<p>&#8220;O aumento da atividade de servi\u00e7os em abril e maio \u200b\u200breflete o impacto do aumento da mobilidade desencadeado pela ligeira melhoria do cen\u00e1rio e pelo aumento das transfer\u00eancias or\u00e7amentais&#8221;, destacou Alberto Ramos, economista-chefe para Am\u00e9rica Latina do Goldman Sachs.<\/p>\n<p>&nbsp;<\/p>\n<p>Ramos destacou como pontos positivos de um desempenho melhor do setor o crescimento de 76,8% nos servi\u00e7os prestados \u00e0s fam\u00edlias no comparativo anual em maio de 2020, com alimenta\u00e7\u00e3o e hospitalidade apresentando expans\u00e3o de 87,6% no comparativo anual. As viagens a\u00e9reas tamb\u00e9m tiveram aumento expressivo, de 217% na mesma base de compara\u00e7\u00e3o, em uma sinaliza\u00e7\u00e3o de retoma do setor em rela\u00e7\u00e3o aos patamares pr\u00e9-pandemia. &#8220;Esperamos que algumas atividades de servi\u00e7os ainda impactadas pela covid-19, em particular, os servi\u00e7os para as fam\u00edlias, se recuperem ainda mais nos pr\u00f3ximos meses, em conjunto com o progresso no programa de vacina\u00e7\u00e3o da covid-19, da reabertura da economia e do est\u00edmulo fiscal renovado&#8221;, acrescentou ele, destacando a renova\u00e7\u00e3o por mais tr\u00eas meses do aux\u00edlio emergencial aos mais vulner\u00e1veis.<\/p>\n","protected":false},"excerpt":{"rendered":"<p>ROSANA HESSEL O setor de servi\u00e7os apresentou crescimento de 1,2% em maio, dado levemente abaixo da alta de 1,3% de abril, conforme dados do Instituto Brasileiro de Geografia e Estat\u00edstica divulgados nesta ter\u00e7a-feira (13\/7) com base na s\u00e9rie com ajuste sazonal e com os dados de abril revisados para cima em 0,6 ponto percentual.\u00a0 &nbsp; [&hellip;]<\/p>\n","protected":false},"author":22,"featured_media":11038,"comment_status":"open","ping_status":"closed","sticky":false,"template":"","format":"standard","meta":{"footnotes":""},"categories":[600],"tags":[3840,589,391,465,4664,414],"class_list":["post-19768","post","type-post","status-publish","format-standard","has-post-thumbnail","hentry","category-economia","tag-atividade","tag-economia","tag-ibge","tag-pesquisa","tag-pms","tag-servicos"],"_links":{"self":[{"href":"https:\/\/blogs.correiobraziliense.com.br\/vicente\/wp-json\/wp\/v2\/posts\/19768","targetHints":{"allow":["GET"]}}],"collection":[{"href":"https:\/\/blogs.correiobraziliense.com.br\/vicente\/wp-json\/wp\/v2\/posts"}],"about":[{"href":"https:\/\/blogs.correiobraziliense.com.br\/vicente\/wp-json\/wp\/v2\/types\/post"}],"author":[{"embeddable":true,"href":"https:\/\/blogs.correiobraziliense.com.br\/vicente\/wp-json\/wp\/v2\/users\/22"}],"replies":[{"embeddable":true,"href":"https:\/\/blogs.correiobraziliense.com.br\/vicente\/wp-json\/wp\/v2\/comments?post=19768"}],"version-history":[{"count":3,"href":"https:\/\/blogs.correiobraziliense.com.br\/vicente\/wp-json\/wp\/v2\/posts\/19768\/revisions"}],"predecessor-version":[{"id":19788,"href":"https:\/\/blogs.correiobraziliense.com.br\/vicente\/wp-json\/wp\/v2\/posts\/19768\/revisions\/19788"}],"wp:featuredmedia":[{"embeddable":true,"href":"https:\/\/blogs.correiobraziliense.com.br\/vicente\/wp-json\/wp\/v2\/media\/11038"}],"wp:attachment":[{"href":"https:\/\/blogs.correiobraziliense.com.br\/vicente\/wp-json\/wp\/v2\/media?parent=19768"}],"wp:term":[{"taxonomy":"category","embeddable":true,"href":"https:\/\/blogs.correiobraziliense.com.br\/vicente\/wp-json\/wp\/v2\/categories?post=19768"},{"taxonomy":"post_tag","embeddable":true,"href":"https:\/\/blogs.correiobraziliense.com.br\/vicente\/wp-json\/wp\/v2\/tags?post=19768"}],"curies":[{"name":"wp","href":"https:\/\/api.w.org\/{rel}","templated":true}]}}