{"id":1975,"date":"2016-07-14T14:30:28","date_gmt":"2016-07-14T17:30:28","guid":{"rendered":"https:\/\/blogs.correiobraziliense.com.br\/vicente\/?p=1975"},"modified":"2016-07-14T16:14:47","modified_gmt":"2016-07-14T19:14:47","slug":"auditores-infernizam-meirelles-e-hostilizam-assessor-de-rachid","status":"publish","type":"post","link":"https:\/\/blogs.correiobraziliense.com.br\/vicente\/auditores-infernizam-meirelles-e-hostilizam-assessor-de-rachid\/","title":{"rendered":"Auditores infernizam Meirelles e hostilizam assessor de Rachid"},"content":{"rendered":"<p>O clima est\u00e1 pesado no Minist\u00e9rio da Fazenda. Mais de 100 auditores invadiram o hall de entrada do gabinete de Henrique Meirelles, que se recusa a receb\u00ea-los, alegando falta de agenda.<\/p>\n<p>&nbsp;<\/p>\n<p>Um assessor do secret\u00e1rio da Receita Federal, Jorge Rachid, foi hostilizado de que a conversa com Meirelles seria na quarta-feira da semana que vem.<\/p>\n<p>&nbsp;<\/p>\n<p>Meirelles se recusa a receber os servidores. Diz que n\u00e3o vai se curvar a press\u00f5es. Nem no Banco Central, quando enfrentou movimento parecido, se rendeu \u00e0s cobran\u00e7as de funcion\u00e1rios.<\/p>\n<p>&nbsp;<\/p>\n<p>A ordem do ministro \u00e9 para que o tema seja tratado com seus subalternos.<\/p>\n<p>&nbsp;<\/p>\n<p><a href=\"https:\/\/blogs.correiobraziliense.com.br\/vicente\/wp-content\/uploads\/sites\/16\/2016\/07\/Gabinete.jpg\" rel=\"attachment wp-att-1976\"><img loading=\"lazy\" decoding=\"async\" class=\"alignnone  wp-image-1976\" src=\"https:\/\/blogs.correiobraziliense.com.br\/vicente\/wp-content\/uploads\/sites\/16\/2016\/07\/Gabinete-300x225.jpg\" alt=\"Gabinete\" width=\"515\" height=\"386\" srcset=\"https:\/\/blogs.correiobraziliense.com.br\/vicente\/wp-content\/uploads\/sites\/16\/2016\/07\/Gabinete-300x225.jpg 300w, https:\/\/blogs.correiobraziliense.com.br\/vicente\/wp-content\/uploads\/sites\/16\/2016\/07\/Gabinete-768x576.jpg 768w, https:\/\/blogs.correiobraziliense.com.br\/vicente\/wp-content\/uploads\/sites\/16\/2016\/07\/Gabinete-1024x768.jpg 1024w, https:\/\/blogs.correiobraziliense.com.br\/vicente\/wp-content\/uploads\/sites\/16\/2016\/07\/Gabinete-350x263.jpg 350w, https:\/\/blogs.correiobraziliense.com.br\/vicente\/wp-content\/uploads\/sites\/16\/2016\/07\/Gabinete-550x413.jpg 550w, https:\/\/blogs.correiobraziliense.com.br\/vicente\/wp-content\/uploads\/sites\/16\/2016\/07\/Gabinete-230x173.jpg 230w, https:\/\/blogs.correiobraziliense.com.br\/vicente\/wp-content\/uploads\/sites\/16\/2016\/07\/Gabinete.jpg 1280w\" sizes=\"auto, (max-width: 515px) 100vw, 515px\" \/><\/a><\/p>\n<p>&nbsp;<\/p>\n<p><em>Bras\u00edlia, 14h30min<\/em><\/p>\n","protected":false},"excerpt":{"rendered":"<p>O clima est\u00e1 pesado no Minist\u00e9rio da Fazenda. Mais de 100 auditores invadiram o hall de entrada do gabinete de Henrique Meirelles, que se recusa a receb\u00ea-los, alegando falta de agenda. &nbsp; Um assessor do secret\u00e1rio da Receita Federal, Jorge Rachid, foi hostilizado de que a conversa com Meirelles seria na quarta-feira da semana que [&hellip;]<\/p>\n","protected":false},"author":22,"featured_media":0,"comment_status":"open","ping_status":"closed","sticky":false,"template":"","format":"standard","meta":{"footnotes":""},"categories":[600],"tags":[21,648,353,660,661],"class_list":["post-1975","post","type-post","status-publish","format-standard","hentry","category-economia","tag-henrique-meirelles","tag-jorge-rachid","tag-paralisacao","tag-receita","tag-subalterno"],"_links":{"self":[{"href":"https:\/\/blogs.correiobraziliense.com.br\/vicente\/wp-json\/wp\/v2\/posts\/1975","targetHints":{"allow":["GET"]}}],"collection":[{"href":"https:\/\/blogs.correiobraziliense.com.br\/vicente\/wp-json\/wp\/v2\/posts"}],"about":[{"href":"https:\/\/blogs.correiobraziliense.com.br\/vicente\/wp-json\/wp\/v2\/types\/post"}],"author":[{"embeddable":true,"href":"https:\/\/blogs.correiobraziliense.com.br\/vicente\/wp-json\/wp\/v2\/users\/22"}],"replies":[{"embeddable":true,"href":"https:\/\/blogs.correiobraziliense.com.br\/vicente\/wp-json\/wp\/v2\/comments?post=1975"}],"version-history":[{"count":1,"href":"https:\/\/blogs.correiobraziliense.com.br\/vicente\/wp-json\/wp\/v2\/posts\/1975\/revisions"}],"predecessor-version":[{"id":1977,"href":"https:\/\/blogs.correiobraziliense.com.br\/vicente\/wp-json\/wp\/v2\/posts\/1975\/revisions\/1977"}],"wp:attachment":[{"href":"https:\/\/blogs.correiobraziliense.com.br\/vicente\/wp-json\/wp\/v2\/media?parent=1975"}],"wp:term":[{"taxonomy":"category","embeddable":true,"href":"https:\/\/blogs.correiobraziliense.com.br\/vicente\/wp-json\/wp\/v2\/categories?post=1975"},{"taxonomy":"post_tag","embeddable":true,"href":"https:\/\/blogs.correiobraziliense.com.br\/vicente\/wp-json\/wp\/v2\/tags?post=1975"}],"curies":[{"name":"wp","href":"https:\/\/api.w.org\/{rel}","templated":true}]}}