{"id":19734,"date":"2021-07-08T09:51:32","date_gmt":"2021-07-08T12:51:32","guid":{"rendered":"https:\/\/blogs.correiobraziliense.com.br\/vicente\/?p=19734"},"modified":"2021-07-08T09:51:32","modified_gmt":"2021-07-08T12:51:32","slug":"inflacao-dos-mais-pobres-acumula-alta-de-922-em-12-meses","status":"publish","type":"post","link":"https:\/\/blogs.correiobraziliense.com.br\/vicente\/inflacao-dos-mais-pobres-acumula-alta-de-922-em-12-meses\/","title":{"rendered":"Infla\u00e7\u00e3o dos mais pobres acumula alta de 9,22% em 12 meses"},"content":{"rendered":"<h2>ROSANA HESSEL<\/h2>\n<h2>O \u00cdndice Nacional de Pre\u00e7os ao Consumidor (INPC) registrou alta de 0,60% em junho, desacelerando em rela\u00e7\u00e3o ao avan\u00e7o de maio, de 0,96%, conforme dados do Instituto Brasileiro e Estat\u00edstica (IBGE) divulgado nesta quinta-feira (8\/7).<\/h2>\n<h2><\/h2>\n<p>O indicador que mede a infla\u00e7\u00e3o das fam\u00edlias mais pobres, acumulou alta de 3,95%\u00a0 no ano. E, no acumulado em 12 meses encerrados em junho, avan\u00e7ou 9,22%, taxa acima dos 8,90% observados no mesmo per\u00edodo imediatamente anterior. Essa \u00e9 a maior varia\u00e7\u00e3o acumulada em 12 meses desde agosto de 2016, quando o INPC avan\u00e7ou 9,62%. Em junho de 2020, a taxa foi de 0,30%.<\/p>\n<p>&nbsp;<\/p>\n<p>Energia el\u00e9trica, por causa da mudan\u00e7a da bandeira tarif\u00e1ria, alimenta\u00e7\u00e3o e bebidas e transportes foram os principais vil\u00f5es da infla\u00e7\u00e3o em junho. Conforme os dados do \u00f3rg\u00e3o, os produtos aliment\u00edcios subiram 0,47%, ficando abaixo do resultado de maio (0,53%). J\u00e1 os itens n\u00e3o aliment\u00edcios tiveram alta de 0,64%, enquanto em maio haviam registrado 1,10%.<\/p>\n<p>&nbsp;<\/p>\n<p>O \u00cdndice de Pre\u00e7os ao Consumidor Amplo (IPCA), que registrou alta de 0,53% em junho e tamb\u00e9m apresentou desacelera\u00e7\u00e3o em rela\u00e7\u00e3o a maio, tem por objetivo medir a infla\u00e7\u00e3o de um conjunto de produtos e servi\u00e7os comercializados no varejo, referentes ao consumo das fam\u00edlias com rendimentos de at\u00e9 40 sal\u00e1rios m\u00ednimos.<\/p>\n<p>&nbsp;<\/p>\n<p>Enquanto isso, o INPC mede o custo de vida para as fam\u00edlias com rendimentos de 1 a 5 sal\u00e1rios m\u00ednimos, residentes nas regi\u00f5es metropolitanas de Bel\u00e9m, Fortaleza, Recife, Salvador, Belo Horizonte, Vit\u00f3ria, Rio de Janeiro, S\u00e3o Paulo, Curitiba, Porto Alegre, al\u00e9m do Distrito Federal e dos munic\u00edpios de Goi\u00e2nia, Campo Grande, Rio Branco, S\u00e3o Lu\u00eds e Aracaju.<\/p>\n<p>&nbsp;<\/p>\n<p>Recife e Salvador registraram a maior varia\u00e7\u00e3o do INPC em junho nas 16 capitais pesquisadas, de 0,90%. Enquanto isso, Bras\u00edlia ficou na lanterna, com alta de 0,14% no m\u00eas passado.<\/p>\n","protected":false},"excerpt":{"rendered":"<p>ROSANA HESSEL O \u00cdndice Nacional de Pre\u00e7os ao Consumidor (INPC) registrou alta de 0,60% em junho, desacelerando em rela\u00e7\u00e3o ao avan\u00e7o de maio, de 0,96%, conforme dados do Instituto Brasileiro e Estat\u00edstica (IBGE) divulgado nesta quinta-feira (8\/7). O indicador que mede a infla\u00e7\u00e3o das fam\u00edlias mais pobres, acumulou alta de 3,95%\u00a0 no ano. E, no [&hellip;]<\/p>\n","protected":false},"author":22,"featured_media":19648,"comment_status":"open","ping_status":"closed","sticky":false,"template":"","format":"standard","meta":{"footnotes":""},"categories":[600],"tags":[5111,391,5364,1130,390],"class_list":["post-19734","post","type-post","status-publish","format-standard","has-post-thumbnail","hentry","category-economia","tag-custo-de-vida","tag-ibge","tag-inflacao-dos-mais-pobres","tag-inpc","tag-precos"],"_links":{"self":[{"href":"https:\/\/blogs.correiobraziliense.com.br\/vicente\/wp-json\/wp\/v2\/posts\/19734","targetHints":{"allow":["GET"]}}],"collection":[{"href":"https:\/\/blogs.correiobraziliense.com.br\/vicente\/wp-json\/wp\/v2\/posts"}],"about":[{"href":"https:\/\/blogs.correiobraziliense.com.br\/vicente\/wp-json\/wp\/v2\/types\/post"}],"author":[{"embeddable":true,"href":"https:\/\/blogs.correiobraziliense.com.br\/vicente\/wp-json\/wp\/v2\/users\/22"}],"replies":[{"embeddable":true,"href":"https:\/\/blogs.correiobraziliense.com.br\/vicente\/wp-json\/wp\/v2\/comments?post=19734"}],"version-history":[{"count":1,"href":"https:\/\/blogs.correiobraziliense.com.br\/vicente\/wp-json\/wp\/v2\/posts\/19734\/revisions"}],"predecessor-version":[{"id":19735,"href":"https:\/\/blogs.correiobraziliense.com.br\/vicente\/wp-json\/wp\/v2\/posts\/19734\/revisions\/19735"}],"wp:featuredmedia":[{"embeddable":true,"href":"https:\/\/blogs.correiobraziliense.com.br\/vicente\/wp-json\/wp\/v2\/media\/19648"}],"wp:attachment":[{"href":"https:\/\/blogs.correiobraziliense.com.br\/vicente\/wp-json\/wp\/v2\/media?parent=19734"}],"wp:term":[{"taxonomy":"category","embeddable":true,"href":"https:\/\/blogs.correiobraziliense.com.br\/vicente\/wp-json\/wp\/v2\/categories?post=19734"},{"taxonomy":"post_tag","embeddable":true,"href":"https:\/\/blogs.correiobraziliense.com.br\/vicente\/wp-json\/wp\/v2\/tags?post=19734"}],"curies":[{"name":"wp","href":"https:\/\/api.w.org\/{rel}","templated":true}]}}