{"id":1963,"date":"2016-07-14T11:36:58","date_gmt":"2016-07-14T14:36:58","guid":{"rendered":"https:\/\/blogs.correiobraziliense.com.br\/vicente\/?p=1963"},"modified":"2016-07-14T11:49:14","modified_gmt":"2016-07-14T14:49:14","slug":"greve-de-auditores-paralisa-receita-e-prejudica-servicos-em-aeroportos-e-areas-de-fronteira","status":"publish","type":"post","link":"https:\/\/blogs.correiobraziliense.com.br\/vicente\/greve-de-auditores-paralisa-receita-e-prejudica-servicos-em-aeroportos-e-areas-de-fronteira\/","title":{"rendered":"Greve de auditores paralisa Receita e prejudica servi\u00e7os em aeroportos e \u00e1reas de fronteira"},"content":{"rendered":"<p>Diante da recusa do governo de enviar ao Congresso o projeto de lei propondo aumento de sal\u00e1rio para a categoria, os auditores da Receita Federal cruzaram os bra\u00e7os hoje. V\u00e1rios servi\u00e7os est\u00e3o prejudicados, sobretudo nos aeroportos e nas \u00e1reas de fronteira.<\/p>\n<p>&nbsp;<\/p>\n<p><a href=\"https:\/\/blogs.correiobraziliense.com.br\/vicente\/wp-content\/uploads\/sites\/16\/2016\/07\/Galeao.jpg\" rel=\"attachment wp-att-1965\"><img loading=\"lazy\" decoding=\"async\" class=\"alignnone wp-image-1965\" src=\"https:\/\/blogs.correiobraziliense.com.br\/vicente\/wp-content\/uploads\/sites\/16\/2016\/07\/Galeao-300x225.jpg\" alt=\"Galeao\" width=\"431\" height=\"323\" srcset=\"https:\/\/blogs.correiobraziliense.com.br\/vicente\/wp-content\/uploads\/sites\/16\/2016\/07\/Galeao-300x225.jpg 300w, https:\/\/blogs.correiobraziliense.com.br\/vicente\/wp-content\/uploads\/sites\/16\/2016\/07\/Galeao-768x576.jpg 768w, https:\/\/blogs.correiobraziliense.com.br\/vicente\/wp-content\/uploads\/sites\/16\/2016\/07\/Galeao-1024x768.jpg 1024w, https:\/\/blogs.correiobraziliense.com.br\/vicente\/wp-content\/uploads\/sites\/16\/2016\/07\/Galeao-350x263.jpg 350w, https:\/\/blogs.correiobraziliense.com.br\/vicente\/wp-content\/uploads\/sites\/16\/2016\/07\/Galeao-550x413.jpg 550w, https:\/\/blogs.correiobraziliense.com.br\/vicente\/wp-content\/uploads\/sites\/16\/2016\/07\/Galeao-230x173.jpg 230w, https:\/\/blogs.correiobraziliense.com.br\/vicente\/wp-content\/uploads\/sites\/16\/2016\/07\/Galeao.jpg 1280w\" sizes=\"auto, (max-width: 431px) 100vw, 431px\" \/><\/a><\/p>\n<p>Foto: Aeroporto de Guarulhos\/SP.<\/p>\n<p>&nbsp;<\/p>\n<p><a href=\"https:\/\/blogs.correiobraziliense.com.br\/vicente\/wp-content\/uploads\/sites\/16\/2016\/07\/Galeao1.jpg\" rel=\"attachment wp-att-1967\"><img loading=\"lazy\" decoding=\"async\" class=\"alignnone wp-image-1967\" src=\"https:\/\/blogs.correiobraziliense.com.br\/vicente\/wp-content\/uploads\/sites\/16\/2016\/07\/Galeao1-300x169.jpg\" alt=\"Galeao1\" width=\"559\" height=\"315\" srcset=\"https:\/\/blogs.correiobraziliense.com.br\/vicente\/wp-content\/uploads\/sites\/16\/2016\/07\/Galeao1-300x169.jpg 300w, https:\/\/blogs.correiobraziliense.com.br\/vicente\/wp-content\/uploads\/sites\/16\/2016\/07\/Galeao1-768x432.jpg 768w, https:\/\/blogs.correiobraziliense.com.br\/vicente\/wp-content\/uploads\/sites\/16\/2016\/07\/Galeao1-1024x576.jpg 1024w, https:\/\/blogs.correiobraziliense.com.br\/vicente\/wp-content\/uploads\/sites\/16\/2016\/07\/Galeao1-350x197.jpg 350w, https:\/\/blogs.correiobraziliense.com.br\/vicente\/wp-content\/uploads\/sites\/16\/2016\/07\/Galeao1-550x310.jpg 550w, https:\/\/blogs.correiobraziliense.com.br\/vicente\/wp-content\/uploads\/sites\/16\/2016\/07\/Galeao1-230x129.jpg 230w, https:\/\/blogs.correiobraziliense.com.br\/vicente\/wp-content\/uploads\/sites\/16\/2016\/07\/Galeao1.jpg 1032w\" sizes=\"auto, (max-width: 559px) 100vw, 559px\" \/><\/a><\/p>\n<p>Foto: Aeroporto do Gale\u00e3o\/Rio.<\/p>\n<p>&nbsp;<\/p>\n<p>A opera\u00e7\u00e3o padr\u00e3o come\u00e7ou \u00e0s 10 horas de hoje. A meta dos auditores \u00e9 interromper os servi\u00e7os sempre \u00e0s quintas e as ter\u00e7a-feiras, at\u00e9 que o presidente interino, Michel Temer, acate o pleito da categoria, que assinou acordo para reajuste em mar\u00e7o, ainda no governo de Dilma Rousseff.<\/p>\n<p>&nbsp;<\/p>\n<p>Os trabalhadores v\u00e3o seguir com o movimento durante todo o dia nos portos, aeroportos e postos de fronteira, dificultando o tr\u00e2nsito de cargas e bagagens. Haver\u00e1 exce\u00e7\u00e3o, contudo, para medicamentos, equipamentos hospitalares, insumos laboratoriais e produtos perec\u00edveis.<\/p>\n<p>&nbsp;<\/p>\n<p><a href=\"https:\/\/blogs.correiobraziliense.com.br\/vicente\/wp-content\/uploads\/sites\/16\/2016\/07\/FazendaReceita1.jpg\" rel=\"attachment wp-att-1969\"><img loading=\"lazy\" decoding=\"async\" class=\"alignnone wp-image-1969\" src=\"https:\/\/blogs.correiobraziliense.com.br\/vicente\/wp-content\/uploads\/sites\/16\/2016\/07\/FazendaReceita1-300x225.jpg\" alt=\"FazendaReceita1\" width=\"577\" height=\"433\" srcset=\"https:\/\/blogs.correiobraziliense.com.br\/vicente\/wp-content\/uploads\/sites\/16\/2016\/07\/FazendaReceita1-300x225.jpg 300w, https:\/\/blogs.correiobraziliense.com.br\/vicente\/wp-content\/uploads\/sites\/16\/2016\/07\/FazendaReceita1-768x576.jpg 768w, https:\/\/blogs.correiobraziliense.com.br\/vicente\/wp-content\/uploads\/sites\/16\/2016\/07\/FazendaReceita1-1024x768.jpg 1024w, https:\/\/blogs.correiobraziliense.com.br\/vicente\/wp-content\/uploads\/sites\/16\/2016\/07\/FazendaReceita1-350x263.jpg 350w, https:\/\/blogs.correiobraziliense.com.br\/vicente\/wp-content\/uploads\/sites\/16\/2016\/07\/FazendaReceita1-550x413.jpg 550w, https:\/\/blogs.correiobraziliense.com.br\/vicente\/wp-content\/uploads\/sites\/16\/2016\/07\/FazendaReceita1-230x173.jpg 230w, https:\/\/blogs.correiobraziliense.com.br\/vicente\/wp-content\/uploads\/sites\/16\/2016\/07\/FazendaReceita1.jpg 1280w\" sizes=\"auto, (max-width: 577px) 100vw, 577px\" \/><\/a><\/p>\n<p><a href=\"https:\/\/blogs.correiobraziliense.com.br\/vicente\/wp-content\/uploads\/sites\/16\/2016\/07\/FazendaReceita2.jpg\" rel=\"attachment wp-att-1972\"><img loading=\"lazy\" decoding=\"async\" class=\"alignnone  wp-image-1972\" src=\"https:\/\/blogs.correiobraziliense.com.br\/vicente\/wp-content\/uploads\/sites\/16\/2016\/07\/FazendaReceita2-300x225.jpg\" alt=\"FazendaReceita2\" width=\"580\" height=\"435\" srcset=\"https:\/\/blogs.correiobraziliense.com.br\/vicente\/wp-content\/uploads\/sites\/16\/2016\/07\/FazendaReceita2-300x225.jpg 300w, https:\/\/blogs.correiobraziliense.com.br\/vicente\/wp-content\/uploads\/sites\/16\/2016\/07\/FazendaReceita2-768x576.jpg 768w, https:\/\/blogs.correiobraziliense.com.br\/vicente\/wp-content\/uploads\/sites\/16\/2016\/07\/FazendaReceita2-1024x768.jpg 1024w, https:\/\/blogs.correiobraziliense.com.br\/vicente\/wp-content\/uploads\/sites\/16\/2016\/07\/FazendaReceita2-350x263.jpg 350w, https:\/\/blogs.correiobraziliense.com.br\/vicente\/wp-content\/uploads\/sites\/16\/2016\/07\/FazendaReceita2-550x413.jpg 550w, https:\/\/blogs.correiobraziliense.com.br\/vicente\/wp-content\/uploads\/sites\/16\/2016\/07\/FazendaReceita2-230x173.jpg 230w, https:\/\/blogs.correiobraziliense.com.br\/vicente\/wp-content\/uploads\/sites\/16\/2016\/07\/FazendaReceita2.jpg 1280w\" sizes=\"auto, (max-width: 580px) 100vw, 580px\" \/><\/a><\/p>\n<p>&nbsp;<\/p>\n<p>Fotos: Servidores na ante-sala do gabinete do ministro da Fazenda, Henrique Meirelles.<\/p>\n<p>&nbsp;<\/p>\n<p><a href=\"https:\/\/blogs.correiobraziliense.com.br\/vicente\/wp-content\/uploads\/sites\/16\/2016\/07\/FazendaReceita.jpg\" rel=\"attachment wp-att-1970\"><img loading=\"lazy\" decoding=\"async\" class=\"alignnone wp-image-1970\" src=\"https:\/\/blogs.correiobraziliense.com.br\/vicente\/wp-content\/uploads\/sites\/16\/2016\/07\/FazendaReceita-300x225.jpg\" alt=\"FazendaReceita\" width=\"556\" height=\"417\" srcset=\"https:\/\/blogs.correiobraziliense.com.br\/vicente\/wp-content\/uploads\/sites\/16\/2016\/07\/FazendaReceita-300x225.jpg 300w, https:\/\/blogs.correiobraziliense.com.br\/vicente\/wp-content\/uploads\/sites\/16\/2016\/07\/FazendaReceita-768x576.jpg 768w, https:\/\/blogs.correiobraziliense.com.br\/vicente\/wp-content\/uploads\/sites\/16\/2016\/07\/FazendaReceita-1024x768.jpg 1024w, https:\/\/blogs.correiobraziliense.com.br\/vicente\/wp-content\/uploads\/sites\/16\/2016\/07\/FazendaReceita-350x263.jpg 350w, https:\/\/blogs.correiobraziliense.com.br\/vicente\/wp-content\/uploads\/sites\/16\/2016\/07\/FazendaReceita-550x413.jpg 550w, https:\/\/blogs.correiobraziliense.com.br\/vicente\/wp-content\/uploads\/sites\/16\/2016\/07\/FazendaReceita-230x173.jpg 230w, https:\/\/blogs.correiobraziliense.com.br\/vicente\/wp-content\/uploads\/sites\/16\/2016\/07\/FazendaReceita.jpg 1280w\" sizes=\"auto, (max-width: 556px) 100vw, 556px\" \/><\/a><\/p>\n<p>Foto: auditores na entrada do Minist\u00e9rio da Fazenda.<\/p>\n<p>&nbsp;<\/p>\n<p>Segundo o Sindifisco, que re\u00fane os auditores,, est\u00e1 previsto para hoje nos aeroportos uma opera\u00e7\u00e3o \u00a0pente-fino. H\u00e1, por\u00e9m, a possibilidade de que esse movimento se torne permanente. Na reparti\u00e7\u00f5es p\u00fablicas, n\u00e3o haver\u00e1 an\u00e1lise de processos e a\u00e7\u00f5es externas. Nos demais dias, haver\u00e1 a opera\u00e7\u00e3o meta zero, ou seja, o represamento de cr\u00e9ditos resultantes das fiscaliza\u00e7\u00f5es.<\/p>\n<p>&nbsp;<\/p>\n<p><a href=\"https:\/\/blogs.correiobraziliense.com.br\/vicente\/wp-content\/uploads\/sites\/16\/2016\/07\/Uruguaiana.jpg\" rel=\"attachment wp-att-1973\"><img loading=\"lazy\" decoding=\"async\" class=\"alignnone  wp-image-1973\" src=\"https:\/\/blogs.correiobraziliense.com.br\/vicente\/wp-content\/uploads\/sites\/16\/2016\/07\/Uruguaiana-300x169.jpg\" alt=\"Uruguaiana\" width=\"559\" height=\"315\" srcset=\"https:\/\/blogs.correiobraziliense.com.br\/vicente\/wp-content\/uploads\/sites\/16\/2016\/07\/Uruguaiana-300x169.jpg 300w, https:\/\/blogs.correiobraziliense.com.br\/vicente\/wp-content\/uploads\/sites\/16\/2016\/07\/Uruguaiana-768x432.jpg 768w, https:\/\/blogs.correiobraziliense.com.br\/vicente\/wp-content\/uploads\/sites\/16\/2016\/07\/Uruguaiana-1024x576.jpg 1024w, https:\/\/blogs.correiobraziliense.com.br\/vicente\/wp-content\/uploads\/sites\/16\/2016\/07\/Uruguaiana-350x197.jpg 350w, https:\/\/blogs.correiobraziliense.com.br\/vicente\/wp-content\/uploads\/sites\/16\/2016\/07\/Uruguaiana-550x309.jpg 550w, https:\/\/blogs.correiobraziliense.com.br\/vicente\/wp-content\/uploads\/sites\/16\/2016\/07\/Uruguaiana-230x129.jpg 230w, https:\/\/blogs.correiobraziliense.com.br\/vicente\/wp-content\/uploads\/sites\/16\/2016\/07\/Uruguaiana.jpg 1280w\" sizes=\"auto, (max-width: 559px) 100vw, 559px\" \/><\/a><\/p>\n<p>Foto: Aduana de Uruguaiana\/ RS.<\/p>\n","protected":false},"excerpt":{"rendered":"<p>Diante da recusa do governo de enviar ao Congresso o projeto de lei propondo aumento de sal\u00e1rio para a categoria, os auditores da Receita Federal cruzaram os bra\u00e7os hoje. V\u00e1rios servi\u00e7os est\u00e3o prejudicados, sobretudo nos aeroportos e nas \u00e1reas de fronteira. &nbsp; Foto: Aeroporto de Guarulhos\/SP. &nbsp; Foto: Aeroporto do Gale\u00e3o\/Rio. &nbsp; A opera\u00e7\u00e3o padr\u00e3o [&hellip;]<\/p>\n","protected":false},"author":22,"featured_media":0,"comment_status":"open","ping_status":"closed","sticky":false,"template":"","format":"standard","meta":{"footnotes":""},"categories":[600],"tags":[],"class_list":["post-1963","post","type-post","status-publish","format-standard","hentry","category-economia"],"_links":{"self":[{"href":"https:\/\/blogs.correiobraziliense.com.br\/vicente\/wp-json\/wp\/v2\/posts\/1963","targetHints":{"allow":["GET"]}}],"collection":[{"href":"https:\/\/blogs.correiobraziliense.com.br\/vicente\/wp-json\/wp\/v2\/posts"}],"about":[{"href":"https:\/\/blogs.correiobraziliense.com.br\/vicente\/wp-json\/wp\/v2\/types\/post"}],"author":[{"embeddable":true,"href":"https:\/\/blogs.correiobraziliense.com.br\/vicente\/wp-json\/wp\/v2\/users\/22"}],"replies":[{"embeddable":true,"href":"https:\/\/blogs.correiobraziliense.com.br\/vicente\/wp-json\/wp\/v2\/comments?post=1963"}],"version-history":[{"count":5,"href":"https:\/\/blogs.correiobraziliense.com.br\/vicente\/wp-json\/wp\/v2\/posts\/1963\/revisions"}],"predecessor-version":[{"id":1974,"href":"https:\/\/blogs.correiobraziliense.com.br\/vicente\/wp-json\/wp\/v2\/posts\/1963\/revisions\/1974"}],"wp:attachment":[{"href":"https:\/\/blogs.correiobraziliense.com.br\/vicente\/wp-json\/wp\/v2\/media?parent=1963"}],"wp:term":[{"taxonomy":"category","embeddable":true,"href":"https:\/\/blogs.correiobraziliense.com.br\/vicente\/wp-json\/wp\/v2\/categories?post=1963"},{"taxonomy":"post_tag","embeddable":true,"href":"https:\/\/blogs.correiobraziliense.com.br\/vicente\/wp-json\/wp\/v2\/tags?post=1963"}],"curies":[{"name":"wp","href":"https:\/\/api.w.org\/{rel}","templated":true}]}}