{"id":1951,"date":"2016-07-13T17:10:45","date_gmt":"2016-07-13T20:10:45","guid":{"rendered":"https:\/\/blogs.correiobraziliense.com.br\/vicente\/?p=1951"},"modified":"2016-07-13T18:25:32","modified_gmt":"2016-07-13T21:25:32","slug":"com-novo-reajuste-servidores-do-legislativo-deixam-funcionarios-do-executivo-e-do-judiciario-comendo-poeira","status":"publish","type":"post","link":"https:\/\/blogs.correiobraziliense.com.br\/vicente\/com-novo-reajuste-servidores-do-legislativo-deixam-funcionarios-do-executivo-e-do-judiciario-comendo-poeira\/","title":{"rendered":"Com novo reajuste, servidores do Legislativo deixam funcion\u00e1rios do Executivo e do Judici\u00e1rio comendo poeira"},"content":{"rendered":"<p>POR ANTONIO TEM\u00d3TEO<\/p>\n<p>&nbsp;<\/p>\n<p>As discrep\u00e2ncias salariais s\u00e3o uma realidade no setor p\u00fablico e ficar\u00e3o maiores com os reajustes aprovados pelo Congresso. Dados do Projeto de Lei de Diretrizes Or\u00e7ament\u00e1rias (PLDO) apontam que a remunera\u00e7\u00e3o m\u00e9dia de um servidor do Legislativo Federal, que ter\u00e1 aumento de 21,3%, \u00e9 quase o dobro do rendimento de quem trabalha no Executivo. Enquanto os empregados concursados da C\u00e2mara dos Deputados, do Senado Federal e do Tribunal de Contas da Uni\u00e3o (TCU) recebem, em m\u00e9dia, R$ 15.949 por m\u00eas, os lotados em um dos minist\u00e9rios da Esplanada embolsam R$ 8.118,12.<\/p>\n<p>&nbsp;<\/p>\n<p>No Minist\u00e9rio P\u00fablico da Uni\u00e3o (MPU), o sal\u00e1rio m\u00e9dio chega R$ 9.687 e, no Judici\u00e1rio, a R$ 10.454. Os dados fazem parte da Avalia\u00e7\u00e3o Atuarial do Regime Pr\u00f3prio de Previd\u00eancia dos Servidores da Uni\u00e3o. O relat\u00f3rio, elaborado pelo Minist\u00e9rio do Trabalho e Previd\u00eancia Social, aponta uma s\u00e9rie de inconsist\u00eancias que podem indicar que as discrep\u00e2ncias salariais podem ser ainda maiores.<\/p>\n<p>&nbsp;<\/p>\n<p>Na avalia\u00e7\u00e3o do especialista em finan\u00e7as p\u00fablicas Jos\u00e9 Matias-Pereira, professor da Universidade de Bras\u00edlia (UnB), as discrep\u00e2ncias salariais entre os Tr\u00eas Poderes geram problemas para a estrutura\u00e7\u00e3o de diversas carreiras. Ele explica que, sem normas espec\u00edficas para cada categoria, muitos mant\u00eam remunera\u00e7\u00e3o baixa. \u201cO Executivo, que tem boa parte dos servidores, \u00e9 incapaz de arcar com sal\u00e1rios exorbitantes por problemas de arrecada\u00e7\u00e3o\u201d, afirma.<\/p>\n<p>&nbsp;<\/p>\n<p>Matias-Pereira lembra que as diferen\u00e7as salariais tamb\u00e9m s\u00e3o profundas entre os servidores de um mesmo Poder. Ele cita como exemplo o caso das carreiras t\u00edpicas de Estado em rela\u00e7\u00e3o aos servidores de n\u00edvel m\u00e9dio no Executivo. \u201cAs categorias mais organizadas t\u00eam poder de press\u00e3o maior sobre as autoridades para conseguir melhores sal\u00e1rios\u201d, diz.<\/p>\n<p>&nbsp;<\/p>\n<p>A qualifica\u00e7\u00e3o profissional de alguns servidores tamb\u00e9m influencia a remunera\u00e7\u00e3o, explica o presidente do Conselho Federal de Economia (Cofecon), J\u00falio Miragaya. Ele detalha que boa parte dos consultores do Legislativo, com remunera\u00e7\u00e3o m\u00e9dia que supera os R$ 20 mil, s\u00e3o mestres ou doutores em suas \u00e1reas de atua\u00e7\u00e3o e conseguem uma vaga por meio de concursos disputad\u00edssimos. \u201cN\u00e3o significa que irregularidades n\u00e3o aconte\u00e7am. Alguns casos de pessoas que davam apenas meio expediente vieram a p\u00fablico\u201d, afirma.<\/p>\n<p>&nbsp;<\/p>\n<p>Para a economista Margarida Gutierrez, professora da Universidade Federal do Rio de Janeiro (UFRJ), o poder de press\u00e3o dos servidores do Legislativo sobre os parlamentares garantiu a eles reajustes salariais acima da infla\u00e7\u00e3o nos \u00faltimos anos. Ela destaca que boa parte dos servidores p\u00fablicos foi beneficiada com aumentos salariais durante a gest\u00e3o petista, mas as mais organizadas e com poder de barganha conseguiram mais benef\u00edcios.<\/p>\n<p>&nbsp;<\/p>\n<p><em>Bras\u00edlia, 17h10min<\/em><\/p>\n","protected":false},"excerpt":{"rendered":"<p>POR ANTONIO TEM\u00d3TEO &nbsp; As discrep\u00e2ncias salariais s\u00e3o uma realidade no setor p\u00fablico e ficar\u00e3o maiores com os reajustes aprovados pelo Congresso. Dados do Projeto de Lei de Diretrizes Or\u00e7ament\u00e1rias (PLDO) apontam que a remunera\u00e7\u00e3o m\u00e9dia de um servidor do Legislativo Federal, que ter\u00e1 aumento de 21,3%, \u00e9 quase o dobro do rendimento de quem [&hellip;]<\/p>\n","protected":false},"author":22,"featured_media":0,"comment_status":"open","ping_status":"closed","sticky":false,"template":"","format":"standard","meta":{"footnotes":""},"categories":[600],"tags":[],"class_list":["post-1951","post","type-post","status-publish","format-standard","hentry","category-economia"],"_links":{"self":[{"href":"https:\/\/blogs.correiobraziliense.com.br\/vicente\/wp-json\/wp\/v2\/posts\/1951","targetHints":{"allow":["GET"]}}],"collection":[{"href":"https:\/\/blogs.correiobraziliense.com.br\/vicente\/wp-json\/wp\/v2\/posts"}],"about":[{"href":"https:\/\/blogs.correiobraziliense.com.br\/vicente\/wp-json\/wp\/v2\/types\/post"}],"author":[{"embeddable":true,"href":"https:\/\/blogs.correiobraziliense.com.br\/vicente\/wp-json\/wp\/v2\/users\/22"}],"replies":[{"embeddable":true,"href":"https:\/\/blogs.correiobraziliense.com.br\/vicente\/wp-json\/wp\/v2\/comments?post=1951"}],"version-history":[{"count":1,"href":"https:\/\/blogs.correiobraziliense.com.br\/vicente\/wp-json\/wp\/v2\/posts\/1951\/revisions"}],"predecessor-version":[{"id":1952,"href":"https:\/\/blogs.correiobraziliense.com.br\/vicente\/wp-json\/wp\/v2\/posts\/1951\/revisions\/1952"}],"wp:attachment":[{"href":"https:\/\/blogs.correiobraziliense.com.br\/vicente\/wp-json\/wp\/v2\/media?parent=1951"}],"wp:term":[{"taxonomy":"category","embeddable":true,"href":"https:\/\/blogs.correiobraziliense.com.br\/vicente\/wp-json\/wp\/v2\/categories?post=1951"},{"taxonomy":"post_tag","embeddable":true,"href":"https:\/\/blogs.correiobraziliense.com.br\/vicente\/wp-json\/wp\/v2\/tags?post=1951"}],"curies":[{"name":"wp","href":"https:\/\/api.w.org\/{rel}","templated":true}]}}