{"id":1946,"date":"2016-07-13T13:10:22","date_gmt":"2016-07-13T16:10:22","guid":{"rendered":"https:\/\/blogs.correiobraziliense.com.br\/vicente\/?p=1946"},"modified":"2016-07-13T15:43:09","modified_gmt":"2016-07-13T18:43:09","slug":"constrangimento-no-banco-do-brasil","status":"publish","type":"post","link":"https:\/\/blogs.correiobraziliense.com.br\/vicente\/constrangimento-no-banco-do-brasil\/","title":{"rendered":"Constrangimento no Banco do Brasil"},"content":{"rendered":"<p>A gula do ministro da Ci\u00eancia, Tecnologia e Comunica\u00e7\u00f5es, Gilberto Kassab, pela vice-presid\u00eancia de Agroneg\u00f3cios do Banco do Brasil est\u00e1 causando constrangimento dentro da institui\u00e7\u00e3o. H\u00e1 uma grande preocupa\u00e7\u00e3o no comando do banco de que a vaga, aberta depois da exonera\u00e7\u00e3o de Osmar Dias, do PDT, n\u00e3o se transforme em moeda pol\u00edtica, resultando na nomea\u00e7\u00e3o de uma pessoa sem experi\u00eancia para o cargo. No m\u00ednimo o indicado deve ter compet\u00eancia t\u00e9cnica.<\/p>\n<p>&nbsp;<\/p>\n<p>A diretoria do BB garante que ainda n\u00e3o foi comunicada pelo Pal\u00e1cio do Planalto nem pelo Minist\u00e9rio da Fazenda sobre o preenchimento da vice-presid\u00eancia de Agroneg\u00f3cios. Mas\u00a0o\u00a0presidente da Sociedade Rural Brasileira (SRB), Gustavo Diniz Junqueira, apadrinhado por Kassab, do PSD, garante que j\u00e1\u00a0 foi convidado para a fun\u00e7\u00e3o.<\/p>\n<p>&nbsp;<\/p>\n<p>N\u00e3o custa lembrar que, nos \u00faltimos anos, mesmo com toda a blindagem, o BB se envolveu em s\u00e9rias den\u00fancias de corrup\u00e7\u00e3o por causa da politiza\u00e7\u00e3o de seus cargos de comando. O caso mais rumoroso foi o de Henrique Pizzolato, que est\u00e1 preso. Ele usou a estrutura de marketing do banco para irrigar o esquema do mensal\u00e3o.<\/p>\n<p>&nbsp;<\/p>\n<p><em>Bras\u00edlia, 13h10min<\/em><\/p>\n","protected":false},"excerpt":{"rendered":"<p>A gula do ministro da Ci\u00eancia, Tecnologia e Comunica\u00e7\u00f5es, Gilberto Kassab, pela vice-presid\u00eancia de Agroneg\u00f3cios do Banco do Brasil est\u00e1 causando constrangimento dentro da institui\u00e7\u00e3o. H\u00e1 uma grande preocupa\u00e7\u00e3o no comando do banco de que a vaga, aberta depois da exonera\u00e7\u00e3o de Osmar Dias, do PDT, n\u00e3o se transforme em moeda pol\u00edtica, resultando na nomea\u00e7\u00e3o [&hellip;]<\/p>\n","protected":false},"author":22,"featured_media":0,"comment_status":"open","ping_status":"closed","sticky":false,"template":"","format":"standard","meta":{"footnotes":""},"categories":[600],"tags":[651,229,642,646,650],"class_list":["post-1946","post","type-post","status-publish","format-standard","hentry","category-economia","tag-agronegocios","tag-banco-do-brasil","tag-gilberto-kassab","tag-psd","tag-vice-presidencia"],"_links":{"self":[{"href":"https:\/\/blogs.correiobraziliense.com.br\/vicente\/wp-json\/wp\/v2\/posts\/1946","targetHints":{"allow":["GET"]}}],"collection":[{"href":"https:\/\/blogs.correiobraziliense.com.br\/vicente\/wp-json\/wp\/v2\/posts"}],"about":[{"href":"https:\/\/blogs.correiobraziliense.com.br\/vicente\/wp-json\/wp\/v2\/types\/post"}],"author":[{"embeddable":true,"href":"https:\/\/blogs.correiobraziliense.com.br\/vicente\/wp-json\/wp\/v2\/users\/22"}],"replies":[{"embeddable":true,"href":"https:\/\/blogs.correiobraziliense.com.br\/vicente\/wp-json\/wp\/v2\/comments?post=1946"}],"version-history":[{"count":2,"href":"https:\/\/blogs.correiobraziliense.com.br\/vicente\/wp-json\/wp\/v2\/posts\/1946\/revisions"}],"predecessor-version":[{"id":1948,"href":"https:\/\/blogs.correiobraziliense.com.br\/vicente\/wp-json\/wp\/v2\/posts\/1946\/revisions\/1948"}],"wp:attachment":[{"href":"https:\/\/blogs.correiobraziliense.com.br\/vicente\/wp-json\/wp\/v2\/media?parent=1946"}],"wp:term":[{"taxonomy":"category","embeddable":true,"href":"https:\/\/blogs.correiobraziliense.com.br\/vicente\/wp-json\/wp\/v2\/categories?post=1946"},{"taxonomy":"post_tag","embeddable":true,"href":"https:\/\/blogs.correiobraziliense.com.br\/vicente\/wp-json\/wp\/v2\/tags?post=1946"}],"curies":[{"name":"wp","href":"https:\/\/api.w.org\/{rel}","templated":true}]}}