{"id":19441,"date":"2021-06-18T12:05:14","date_gmt":"2021-06-18T15:05:14","guid":{"rendered":"https:\/\/blogs.correiobraziliense.com.br\/vicente\/?p=19441"},"modified":"2021-06-18T21:14:48","modified_gmt":"2021-06-19T00:14:48","slug":"acoes-da-eletrobras-lideram-alta-no-inicio-do-pregao-do-ibovespa","status":"publish","type":"post","link":"https:\/\/blogs.correiobraziliense.com.br\/vicente\/acoes-da-eletrobras-lideram-alta-no-inicio-do-pregao-do-ibovespa\/","title":{"rendered":"A\u00e7\u00f5es da Eletrobras lideram alta no in\u00edcio do preg\u00e3o do IBovespa"},"content":{"rendered":"<h2>ROSANA HESSEL<\/h2>\n<h2><span style=\"font-weight: 400\">Um dia depois da aprova\u00e7\u00e3o pelo Senado Federal da Medida Provis\u00f3ria de privatiza\u00e7\u00e3o da Eletrobras, as a\u00e7\u00f5es da estatal lideravam as altas da Bolsa de Valores de S\u00e3o Paulo (B3) no in\u00edcio do preg\u00e3o do mercado de a\u00e7\u00f5es brasileiro, chegando a disparar 9%, mas deu uma arrefecida logo em seguida na valoriza\u00e7\u00e3o.\u00a0<\/span><span style=\"font-weight: 400\">Enquanto isso, o<\/span><span style=\"font-weight: 400\">\u00a0\u00cdndice Bovespa (IBovespa), principal indicador da B3, abriu os neg\u00f3cios no campo negativo, acompanhando os indicadores internacionais, mas apresenta bastante oscila\u00e7\u00e3o.\u00a0<\/span><\/h2>\n<h2><\/h2>\n<p><span style=\"font-weight: 400\">\u201cOs mercados continuam com o sentimento negativo ap\u00f3s as novas novas proje\u00e7\u00f5es do Fed (Federal Reserve, o banco central dos Estados Unidos)\u201d, explicou Gustavo Cruz, estrategista-chefe da RB Investimentos, citando a sinaliza\u00e7\u00e3o do Fomc, comit\u00ea de pol\u00edtica monet\u00e1ria do Fed, que, ap\u00f3s revisar de 2,4% para 3,4% a previs\u00e3o de infla\u00e7\u00e3o nos EUA, sinalizou aumento dos juros em 2023 e informou que vai come\u00e7ar a discutir a revis\u00e3o do tapering, o enxugando a liquidez do mercado, reduzindo o volume de compras de ativos.\u00a0<\/span><span style=\"font-weight: 400\">\u201cA ideia dos juros subindo em 2023 \u00e9 um concorrente para as bolsas a curto prazo. Por enquanto est\u00e3o assumindo que a infla\u00e7\u00e3o \u00e9 transit\u00f3ria, mas se ela n\u00e3o diminuir no fim de 2021, o mercado vai precificar alta de juros at\u00e9 o final de 2022\u201d, acrescentou.<\/span><\/p>\n<p>&nbsp;<\/p>\n<p><span style=\"font-weight: 400\">Enquanto as bolsas da Europa e dos Estados Unidos apresentavam quedas de at\u00e9 2,2% na manh\u00e3 desta sexta-feira (18\/06), o\u00a0<\/span><span style=\"font-weight: 400\">IBovespa oscilava em patamares negativos e positivos pela manh\u00e3, chegando a cair 0,31% por volta das 11h, mas tenta ficar acima dos 128 mil pontos, com leve alta de 0,11% perto do meio dia.\u00a0<\/span>Enquanto isso, o d\u00f3lar registrava queda nesta manh\u00e3 e chegou a renovar o piso, de R$ 4,98, mas voltou a subir ap\u00f3s \u00e0s 11h, sendo negociado a R$ 5,03 para a venda.<\/p>\n<p>&nbsp;<\/p>\n<p><strong>MP da Eletrobras<\/strong><\/p>\n<p>&nbsp;<\/p>\n<p><span style=\"font-weight: 400\">Apesar das cr\u00edticas de especialistas e entidades do setor ao relat\u00f3rio da Medida Provis\u00f3ria 1031\/2021, que trata da privatiza\u00e7\u00e3o da Eletrobras, aprovado, ontem, pelo Senado Federal, as a\u00e7\u00f5es ordin\u00e1rias (com direito a voto) da Eletrobras negociadas no Novo Mercado apresentaram alta entre 8% e 9% logo no in\u00edcio de preg\u00e3o, liderando as altas da B3. Contudo, pouco mais de uma hora de negocia\u00e7\u00f5es, a taxa de valoriza\u00e7\u00e3o tinha perdido um pouco da intensidade variando entre 5% e 7%.<\/span><\/p>\n<p>&nbsp;<\/p>\n<p><span style=\"font-weight: 400\">A rejei\u00e7\u00e3o de destaques como o da retirada de garantias da Uni\u00e3o, mesmo ap\u00f3s a privatiza\u00e7\u00e3o, foi um dos fatores que agradaram os especuladores, que ignoram os jabutis &#8212; emendas n\u00e3o relacionadas ao assunto principal da proposta &#8212; plantados na MP para aprovar a mat\u00e9ria mas que beneficiam os currais eleitorais dos parlamentares governistas e que, segundo especialistas, devem , aumentar os custos da energia para os consumidores.<\/span><\/p>\n<p>&nbsp;<\/p>\n<p><span style=\"font-weight: 400\">Para a economista Alessandra Ribeiro, s\u00f3cia da Tend\u00eancias Consultoria, o relat\u00f3rio aprovado pelos senadores acabou transformando a privatiza\u00e7\u00e3o da Eletrobras em uma proposta med\u00edocre. \u201cOs especialistas do setor el\u00e9trico apontam problemas no texto e um expressivo aumento de custos muito alto para os consumidores no fim das contas por conta dos jabutis\u201d, alertou. <\/span><\/p>\n<p>&nbsp;<\/p>\n<p><span style=\"font-weight: 400\">Alessandra Ribeiro demonstrou preocupa\u00e7\u00e3o com o fato de as propostas do Executivo estarem sendo muito desidratadas pelo Congresso. Segundo ela, isso \u00e9 um risco enorme, especialmente, para as reformas mais importantes, como a tribut\u00e1ria e a administrativa, que podem ser prejudicadas devido ao enfraquecimento do governo. &#8220;O cen\u00e1rio n\u00e3o \u00e9 positivo e caminhamos para ter medidas aprovadas com efeitos marginais e que n\u00e3o v\u00e3o ajudar na retomada da economia&#8221;, alertou.<\/span><\/p>\n<p>&nbsp;<\/p>\n<p>A economista e advogada Elena Landau, ex-diretora do Banco Nacional de Desenvolvimento Econ\u00f4mico e Social (BNDES), tamb\u00e9m lamentou o texto da MP da Eletrobras aprovado pelos senadores e devolvido para a C\u00e2mara dos Deputados, que j\u00e1 tinha aprovado um relat\u00f3rio ruim. Para ela, h\u00e1 <a href=\"https:\/\/www.correiobraziliense.com.br\/economia\/2021\/06\/4932048-eletrobras-mp-da-privatizacao-precisa-ser-votada-ate-terca-para-nao-caducar.html\">v\u00e1rios itens que permitem a judicializa\u00e7\u00e3o da medida que poder\u00e1 caducar se n\u00e3o for aprovada at\u00e9 a pr\u00f3xima ter\u00e7a-feira (22)<\/a>. De acordo com a especialista, que vinha criticando o modelo escolhido pelo atual governo e tamb\u00e9m o projeto de lei proposto na gest\u00e3o do ex-presidente Michel Temer, a MP da Eletrobras prejudica o setor ao criar reservas de mercado. &#8220;Essa medida permite um retrocesso para o setor el\u00e9trico de 20 anos&#8221;, afirmou.<\/p>\n<p>&nbsp;<\/p>\n<p>&nbsp;<\/p>\n","protected":false},"excerpt":{"rendered":"<p>ROSANA HESSEL Um dia depois da aprova\u00e7\u00e3o pelo Senado Federal da Medida Provis\u00f3ria de privatiza\u00e7\u00e3o da Eletrobras, as a\u00e7\u00f5es da estatal lideravam as altas da Bolsa de Valores de S\u00e3o Paulo (B3) no in\u00edcio do preg\u00e3o do mercado de a\u00e7\u00f5es brasileiro, chegando a disparar 9%, mas deu uma arrefecida logo em seguida na valoriza\u00e7\u00e3o.\u00a0Enquanto isso, [&hellip;]<\/p>\n","protected":false},"author":22,"featured_media":18713,"comment_status":"open","ping_status":"closed","sticky":false,"template":"","format":"standard","meta":{"footnotes":""},"categories":[600],"tags":[],"class_list":["post-19441","post","type-post","status-publish","format-standard","has-post-thumbnail","hentry","category-economia"],"_links":{"self":[{"href":"https:\/\/blogs.correiobraziliense.com.br\/vicente\/wp-json\/wp\/v2\/posts\/19441","targetHints":{"allow":["GET"]}}],"collection":[{"href":"https:\/\/blogs.correiobraziliense.com.br\/vicente\/wp-json\/wp\/v2\/posts"}],"about":[{"href":"https:\/\/blogs.correiobraziliense.com.br\/vicente\/wp-json\/wp\/v2\/types\/post"}],"author":[{"embeddable":true,"href":"https:\/\/blogs.correiobraziliense.com.br\/vicente\/wp-json\/wp\/v2\/users\/22"}],"replies":[{"embeddable":true,"href":"https:\/\/blogs.correiobraziliense.com.br\/vicente\/wp-json\/wp\/v2\/comments?post=19441"}],"version-history":[{"count":9,"href":"https:\/\/blogs.correiobraziliense.com.br\/vicente\/wp-json\/wp\/v2\/posts\/19441\/revisions"}],"predecessor-version":[{"id":19471,"href":"https:\/\/blogs.correiobraziliense.com.br\/vicente\/wp-json\/wp\/v2\/posts\/19441\/revisions\/19471"}],"wp:featuredmedia":[{"embeddable":true,"href":"https:\/\/blogs.correiobraziliense.com.br\/vicente\/wp-json\/wp\/v2\/media\/18713"}],"wp:attachment":[{"href":"https:\/\/blogs.correiobraziliense.com.br\/vicente\/wp-json\/wp\/v2\/media?parent=19441"}],"wp:term":[{"taxonomy":"category","embeddable":true,"href":"https:\/\/blogs.correiobraziliense.com.br\/vicente\/wp-json\/wp\/v2\/categories?post=19441"},{"taxonomy":"post_tag","embeddable":true,"href":"https:\/\/blogs.correiobraziliense.com.br\/vicente\/wp-json\/wp\/v2\/tags?post=19441"}],"curies":[{"name":"wp","href":"https:\/\/api.w.org\/{rel}","templated":true}]}}