{"id":19436,"date":"2021-06-18T10:32:30","date_gmt":"2021-06-18T13:32:30","guid":{"rendered":"https:\/\/blogs.correiobraziliense.com.br\/vicente\/?p=19436"},"modified":"2021-06-18T10:32:30","modified_gmt":"2021-06-18T13:32:30","slug":"segunda-previa-do-indice-do-aluguel-mostra-desaceleracao-em-junho","status":"publish","type":"post","link":"https:\/\/blogs.correiobraziliense.com.br\/vicente\/segunda-previa-do-indice-do-aluguel-mostra-desaceleracao-em-junho\/","title":{"rendered":"Segunda pr\u00e9via do \u00edndice do aluguel mostra desacelera\u00e7\u00e3o em junho"},"content":{"rendered":"<h2>ROSANA HESSEL<\/h2>\n<h2>A segunda pr\u00e9via de junho do \u00cdndice Geral de Pre\u00e7os &#8211; Mercado (IGP-M), utilizado na corre\u00e7\u00e3o dos contratos de aluguel, apresentou desacelera\u00e7\u00e3o em rela\u00e7\u00e3o ao segundo dec\u00eandio de maio, passando de 3,83% para 1,27%, conforme dados divulgados, nesta sexta-feira (18\/06), pelo Instituto Brasileiro de Economia da Funda\u00e7\u00e3o Getulio Vargas (FGV Ibre). No ano, o indicador acumulou alta de 15,85% e, em 12 meses, saltou 36,65%.<\/h2>\n<p>&nbsp;<\/p>\n<p>&#8220;O IGP-M mostrou uma desacelera\u00e7\u00e3o importante que s\u00f3 foi poss\u00edvel por conta de uma tr\u00e9gua na alta dos pre\u00e7os das commodities e do min\u00e9rio de ferro, que cederam um pouco, e essa queda dos pre\u00e7os ajudaram no resultado de um IGP-M abaixo de 2% na segunda pr\u00e9via de junho&#8221;, explicou o economista Andr\u00e9 Braz, coordenador dos \u00cdndices de Pre\u00e7os do FGV Ibre. Ele reconheceu que a valoriza\u00e7\u00e3o do real frente ao d\u00f3lar tamb\u00e9m ajudou nesse arrefecimento do IGP-M em junho, mas reconheceu que o custo da energia, que vem sofrendo reajustes devido \u00e0 crise h\u00eddrica, e o aumento da gasolina t\u00eam ajudando a manter o indicador de pre\u00e7os em alta.<\/p>\n<p>&nbsp;<\/p>\n<p>Na avalia\u00e7\u00e3o do economista, essa taxa abaixo de 2% &#8220;deve ser a t\u00f4nica do indicador para o m\u00eas&#8221;, mas reconheceu os pre\u00e7os das commodities ainda est\u00e3o elevados, o que n\u00e3o impediu eleva\u00e7\u00e3o no \u00cdndice de Pre\u00e7os ao Produtor Amplo (IPA), que representa 60% do IGP-M. &#8220;N\u00e3o foi uma queda, mas uma alta menos intensa em junho&#8221;, alertou. Nos 20 primeiros dias de junho, o IPA subiu 1,26%, abaixo dos 4,96% registrados no mesmo per\u00edodo de maio. No acumulado do ano, essa pr\u00e9via do IPA saltou 19,98% e, em 12 meses, disparou 48,77%.<\/p>\n<p>&nbsp;<\/p>\n<p>Entre os destaques do IPA, a taxa do grupo de mat\u00e9rias-primas brutas passou de 9,53%, no segundo dec\u00eandio de maio, para 0,28%<br \/>\nem igual per\u00edodo de junho. O milho e a soja apresentaram queda nessa segunda pr\u00e9via, de 4,30% e de 3,09%, respectivamente. No acumulado em 12 meses, os produtos agr\u00edcolas registral alta de 53,66% e as mat\u00e9rias-primas, de 73,99%.<\/p>\n<p>&nbsp;<\/p>\n<p>De acordo com Braz, essa desacelera\u00e7\u00e3o no pre\u00e7o dos gr\u00e3os, principalmente da soja, pode ser moment\u00e2nea, porque podem significa uma volatilidade conjuntural, j\u00e1 que existe muita liquidez no mercado global. &#8220;Tem muito dinheiro na mesa, pelo bom portugu\u00eas e isso \u00e9 um incentivo para o aquecimento da economia global e a valoriza\u00e7\u00e3o desses gr\u00e3os, mas \u00e9 verdade tamb\u00e9m, que os pre\u00e7os ja subiram muito nos \u00faltimos 12 meses, e em parte, a valoriza\u00e7\u00e3o mais recente do real frente ao d\u00f3lar, que est\u00e1 em m\u00e9dia de 5% em maio, e isso ajuda a conter a infla\u00e7\u00e3o do IGP&#8221;, explicou.<\/p>\n<p>&nbsp;<\/p>\n<p>O \u00cdndice de Pre\u00e7os ao Consumidor (IPC) variou 0,62% no segundo dec\u00eandio de junho, contra 0,48% no\u00a0mesmo per\u00edodo de coleta de maio. Segundo os dados da FGV, quatro das oito classes de despesa componentes do \u00edndice registraram acr\u00e9scimo em suas taxas de varia\u00e7\u00e3o, com destaque o grupo transportes, com avan\u00e7o de 0,20% para\u00a01,62% no mesmo intervalo de compara\u00e7\u00e3o, foi puxado pela gasolina, cuja taxa passou\u00a0de -0,23% para 3,03%. Devido \u00e0 alta dos pre\u00e7os na energia, os custos no grupo habita\u00e7\u00e3o, aceleraram de 0,96% para 1,05%%.\u00a0\u00a0No acumulado do ano, o indicador registrou alta de 3,45%, e, em 12 meses, avan\u00e7ou 7,98%<\/p>\n<p>&nbsp;<\/p>\n<p>J\u00e1 o\u00a0 \u00cdndice Nacional de Custo da Constru\u00e7\u00e3o (INCC) mostrou acelera\u00e7\u00e3o na segunda pr\u00e9via de junho, passando de 1,25%, em maio, para 2,75%. De janeiro a junho, o indicador subiu 9,86%, e, em 12 meses, avan\u00e7ou 17,38%.<\/p>\n","protected":false},"excerpt":{"rendered":"<p>ROSANA HESSEL A segunda pr\u00e9via de junho do \u00cdndice Geral de Pre\u00e7os &#8211; Mercado (IGP-M), utilizado na corre\u00e7\u00e3o dos contratos de aluguel, apresentou desacelera\u00e7\u00e3o em rela\u00e7\u00e3o ao segundo dec\u00eandio de maio, passando de 3,83% para 1,27%, conforme dados divulgados, nesta sexta-feira (18\/06), pelo Instituto Brasileiro de Economia da Funda\u00e7\u00e3o Getulio Vargas (FGV Ibre). No ano, [&hellip;]<\/p>\n","protected":false},"author":22,"featured_media":18844,"comment_status":"open","ping_status":"closed","sticky":false,"template":"","format":"standard","meta":{"footnotes":""},"categories":[600],"tags":[5569,4983,4985,5567,5570,5568,4986,390,5566],"class_list":["post-19436","post","type-post","status-publish","format-standard","has-post-thumbnail","hentry","category-economia","tag-commodities","tag-fgv-ibre","tag-igp-m","tag-incc","tag-inflacao-do-aluguel","tag-ipa","tag-ipc","tag-precos","tag-previa"],"_links":{"self":[{"href":"https:\/\/blogs.correiobraziliense.com.br\/vicente\/wp-json\/wp\/v2\/posts\/19436","targetHints":{"allow":["GET"]}}],"collection":[{"href":"https:\/\/blogs.correiobraziliense.com.br\/vicente\/wp-json\/wp\/v2\/posts"}],"about":[{"href":"https:\/\/blogs.correiobraziliense.com.br\/vicente\/wp-json\/wp\/v2\/types\/post"}],"author":[{"embeddable":true,"href":"https:\/\/blogs.correiobraziliense.com.br\/vicente\/wp-json\/wp\/v2\/users\/22"}],"replies":[{"embeddable":true,"href":"https:\/\/blogs.correiobraziliense.com.br\/vicente\/wp-json\/wp\/v2\/comments?post=19436"}],"version-history":[{"count":3,"href":"https:\/\/blogs.correiobraziliense.com.br\/vicente\/wp-json\/wp\/v2\/posts\/19436\/revisions"}],"predecessor-version":[{"id":19439,"href":"https:\/\/blogs.correiobraziliense.com.br\/vicente\/wp-json\/wp\/v2\/posts\/19436\/revisions\/19439"}],"wp:featuredmedia":[{"embeddable":true,"href":"https:\/\/blogs.correiobraziliense.com.br\/vicente\/wp-json\/wp\/v2\/media\/18844"}],"wp:attachment":[{"href":"https:\/\/blogs.correiobraziliense.com.br\/vicente\/wp-json\/wp\/v2\/media?parent=19436"}],"wp:term":[{"taxonomy":"category","embeddable":true,"href":"https:\/\/blogs.correiobraziliense.com.br\/vicente\/wp-json\/wp\/v2\/categories?post=19436"},{"taxonomy":"post_tag","embeddable":true,"href":"https:\/\/blogs.correiobraziliense.com.br\/vicente\/wp-json\/wp\/v2\/tags?post=19436"}],"curies":[{"name":"wp","href":"https:\/\/api.w.org\/{rel}","templated":true}]}}