{"id":1942,"date":"2016-07-13T07:31:01","date_gmt":"2016-07-13T10:31:01","guid":{"rendered":"https:\/\/blogs.correiobraziliense.com.br\/vicente\/?p=1942"},"modified":"2016-07-13T16:31:44","modified_gmt":"2016-07-13T19:31:44","slug":"rachid-tenta-esvaziar-greve-na-receita","status":"publish","type":"post","link":"https:\/\/blogs.correiobraziliense.com.br\/vicente\/rachid-tenta-esvaziar-greve-na-receita\/","title":{"rendered":"Rachid tenta esvaziar greve na Receita"},"content":{"rendered":"<p>O secret\u00e1rio da Receita Federal, Jorge Rachid, est\u00e1 se empenhando como nunca antes para esvaziar a paralisa\u00e7\u00e3o de servidores do \u00f3rg\u00e3o. Ele tenta tirar proveito da divis\u00e3o entre auditores e analistas tribut\u00e1rios para enfraquecer o movimento de greve.<\/p>\n<p>&nbsp;<\/p>\n<p>Hoje, logo pela manh\u00e3, ele se encontra com representantes do Sindireceita, que re\u00fane os analistas, para pedir que evitem uma greve formal. Esses profissionais j\u00e1 t\u00eam feito opera\u00e7\u00f5es padr\u00f5es para cobrar do governo o cumprimento do acordo de reajuste assinado em mar\u00e7o, ainda da administra\u00e7\u00e3o de Dilma Rousseff. O projeto sequer foi encaminhado ao Congresso.<\/p>\n<p>&nbsp;<\/p>\n<p>Amanh\u00e3, os auditores fiscais come\u00e7am a paralisa\u00e7\u00e3o. V\u00e3o cruzar os bra\u00e7os duas vezes por semana, \u00e0s ter\u00e7as e \u00e0s quintas-feiras. Tamb\u00e9m v\u00e3o reduzir o trabalho nas aduanas, provocando transtornos \u00e0 popula\u00e7\u00e3o. Os auditores dizem que j\u00e1 esgotaram todas as conversas com o governo. A \u00fanica coisa que pode suspender a greve \u00e9 o envio do projeto que garante reajuste de 27% \u00e0 carreira e prev\u00ea b\u00f4nus de efici\u00eancia.<\/p>\n<p>&nbsp;<\/p>\n<p>O Pal\u00e1cio do Planalto est\u00e1 reticente em encaminhar mais projetos de reajustes de servidores ao Congresso. Deve faz\u00ea-lo somente depois da aprova\u00e7\u00e3o definitiva do impeachment de Dilma. Ontem, o Senado aprovou oito projetos garantido aumento salarial a quase 1,1 milh\u00e3o de servidores.<\/p>\n<p>&nbsp;<\/p>\n<p><strong>Posi\u00e7\u00e3o da Receita<\/strong><\/p>\n<p>&nbsp;<\/p>\n<p>Assessoria de imprensa da Receita enviou nota ao <strong>Blog<\/strong> no qual nega a interfer\u00eancia de Rachid em qualquer movimento feito pelos servidores. Segundo o Fisco, a audi\u00eancia do Sindireceita &#8220;com o secret\u00e1rio Jorge Rachid havia sido solicitada por meio do Of\u00edcio n\u00ba 59\/2016\/DAJ\/Presid\u00eancia, em 30 de junho, data anterior ao in\u00edcio do movimento dos auditores-fiscais e analistas-tribut\u00e1rios. E o Gabinete da Receita Federal deferiu a solicita\u00e7\u00e3o em 4 de julho, agendando a audi\u00eancia para hoje&#8221;.<\/p>\n<p>&nbsp;<\/p>\n<p>A Receita esclarece ainda que &#8220;o encontro, al\u00e9m de ter sido solicitado em data anterior, tratou de temas espec\u00edficos de interesse da categoria dos analistas-tribut\u00e1rios. O Fisco afirma ainda que n\u00e3o procede a afirma\u00e7\u00e3o de que o secret\u00e1rio estaria &#8220;se empenhando como nunca antes para esvaziar a paralisa\u00e7\u00e3o de servidores&#8221; ou que a reuni\u00e3o seria &#8220;para pedir que evitem uma greve formal&#8221;. O \u00f3rg\u00e3o acrescenta ainda que Rachid, por problemas de agenda, sequer participou da conversa. &#8220;A presidente do Sindireceita foi recebida pelo subsecret\u00e1rio de Gest\u00e3o Corporativa&#8221;.<\/p>\n<p>&nbsp;<\/p>\n<p><i>Bras\u00edlia, 07h30min, atualizado \u00e0s 16h10min<\/i><\/p>\n","protected":false},"excerpt":{"rendered":"<p>O secret\u00e1rio da Receita Federal, Jorge Rachid, est\u00e1 se empenhando como nunca antes para esvaziar a paralisa\u00e7\u00e3o de servidores do \u00f3rg\u00e3o. Ele tenta tirar proveito da divis\u00e3o entre auditores e analistas tribut\u00e1rios para enfraquecer o movimento de greve. &nbsp; Hoje, logo pela manh\u00e3, ele se encontra com representantes do Sindireceita, que re\u00fane os analistas, para [&hellip;]<\/p>\n","protected":false},"author":22,"featured_media":0,"comment_status":"open","ping_status":"closed","sticky":false,"template":"","format":"standard","meta":{"footnotes":""},"categories":[600],"tags":[347,648,124,8,647,649],"class_list":["post-1942","post","type-post","status-publish","format-standard","hentry","category-economia","tag-greve","tag-jorge-rachid","tag-reajustes","tag-receita-federal","tag-ser-odores","tag-sindireceita"],"_links":{"self":[{"href":"https:\/\/blogs.correiobraziliense.com.br\/vicente\/wp-json\/wp\/v2\/posts\/1942","targetHints":{"allow":["GET"]}}],"collection":[{"href":"https:\/\/blogs.correiobraziliense.com.br\/vicente\/wp-json\/wp\/v2\/posts"}],"about":[{"href":"https:\/\/blogs.correiobraziliense.com.br\/vicente\/wp-json\/wp\/v2\/types\/post"}],"author":[{"embeddable":true,"href":"https:\/\/blogs.correiobraziliense.com.br\/vicente\/wp-json\/wp\/v2\/users\/22"}],"replies":[{"embeddable":true,"href":"https:\/\/blogs.correiobraziliense.com.br\/vicente\/wp-json\/wp\/v2\/comments?post=1942"}],"version-history":[{"count":3,"href":"https:\/\/blogs.correiobraziliense.com.br\/vicente\/wp-json\/wp\/v2\/posts\/1942\/revisions"}],"predecessor-version":[{"id":1950,"href":"https:\/\/blogs.correiobraziliense.com.br\/vicente\/wp-json\/wp\/v2\/posts\/1942\/revisions\/1950"}],"wp:attachment":[{"href":"https:\/\/blogs.correiobraziliense.com.br\/vicente\/wp-json\/wp\/v2\/media?parent=1942"}],"wp:term":[{"taxonomy":"category","embeddable":true,"href":"https:\/\/blogs.correiobraziliense.com.br\/vicente\/wp-json\/wp\/v2\/categories?post=1942"},{"taxonomy":"post_tag","embeddable":true,"href":"https:\/\/blogs.correiobraziliense.com.br\/vicente\/wp-json\/wp\/v2\/tags?post=1942"}],"curies":[{"name":"wp","href":"https:\/\/api.w.org\/{rel}","templated":true}]}}