{"id":19385,"date":"2021-06-14T22:01:39","date_gmt":"2021-06-15T01:01:39","guid":{"rendered":"https:\/\/blogs.correiobraziliense.com.br\/vicente\/?p=19385"},"modified":"2021-06-14T23:04:17","modified_gmt":"2021-06-15T02:04:17","slug":"reforma-tributaria-ampla-aumentara-pib-em-14-em-oito-anos","status":"publish","type":"post","link":"https:\/\/blogs.correiobraziliense.com.br\/vicente\/reforma-tributaria-ampla-aumentara-pib-em-14-em-oito-anos\/","title":{"rendered":"Reforma tribut\u00e1ria ampla aumentar\u00e1 PIB em 14% em oito anos"},"content":{"rendered":"<h2>Uma reforma tribut\u00e1ria ampla, com simplifica\u00e7\u00e3o do sistema de impostos, ter\u00e1 potencial para ampliar o Produto Interno Bruto (PIB) em14% em oito anos, estima o economista-chefe da gestora de recursos RPS Capital, Gabriel Leal de Barros.<\/h2>\n<p>&nbsp;<\/p>\n<p>Pelos c\u00e1lculos dele,\u00a0no mesmo per\u00edodo, o investimento privado poder\u00e1 se expandir em 40% e a Forma\u00e7\u00e3o Fixa de Capital Bruto (FBCF) saltar 6 pontos percentuais do PIB, um impulso e tanto para a atividade.<\/p>\n<p>&nbsp;<\/p>\n<p>Segundo o economista, o impacto em termos de simplifica\u00e7\u00e3o tribut\u00e1ria, de melhoria do ambiente de neg\u00f3cios e de redu\u00e7\u00e3o do contencioso de impostos na Justi\u00e7a e de risco fiscal contingente \u00e9 enorme e superior a R$ 1,3 trilh\u00e3o ou 18% do PIB.<\/p>\n<p>&nbsp;<\/p>\n<p>&#8220;Diante de inequ\u00edvocos ganhos em termos de produtividade e crescimento econ\u00f4mico, n\u00e3o h\u00e1 justificativa cr\u00edvel para n\u00e3o aproveitar a janela de oportunidade que o pa\u00eds desfruta no momento, ancorado na melhora do ambiente internacional, com a alta dos pre\u00e7os das commodities, mesmo que tempor\u00e1ria&#8221;, afirma Barros.<\/p>\n<p>&nbsp;<\/p>\n<p><strong>Baixo crescimento<\/strong><\/p>\n<p>&nbsp;<\/p>\n<p>Para ele, &#8220;aproveitar esse cavalo selado \u00e9 a decis\u00e3o mais inteligente que o governo e o Congresso devem tomar&#8221;. Portanto, acredita o economista, n\u00e3o h\u00e1 mais tempo a perder. As for\u00e7as pol\u00edticas devem se unir em prol do pa\u00eds. &#8220;Se errarmos, o pa\u00eds poder\u00e1 amargar mais uma d\u00e9cada de baixo crescimento&#8221;, frisa.<\/p>\n<p>&nbsp;<\/p>\n<p>Barros ressalta que a calibragem dos impostos e a corre\u00e7\u00e3o de distor\u00e7\u00f5es hoje existentes s\u00e3o fundamentais para um regime tribut\u00e1rio mais moderno e eficiente. Na vis\u00e3o dele, mais importante do que ampliar, por exemplo, a faixa de isen\u00e7\u00e3o do Imposto de Renda, hoje de at\u00e9 R$ 1,9 mil por m\u00eas, \u00e9 acabar com a isen\u00e7\u00e3o de tributos sobre a cesta b\u00e1sica e direcionar os recursos n\u00e3o arrecadados pela Uni\u00e3o para os benefici\u00e1rios do Bolsa Fam\u00edlia,<\/p>\n<p>&nbsp;<\/p>\n<p>&#8220;Estudo aponta que \u00e9 poss\u00edvel conciliar responsabilidade fiscal e social ao extinguir a desonera\u00e7\u00e3o da cesta b\u00e1sica, que \u00e9 ineficiente para a redu\u00e7\u00e3o da desigualdade e da pobreza, e substitui-la pela transfer\u00eancia de 25% para os benefici\u00e1rios do Bolsa Fam\u00edlia. Em termos atualizados, a economia fiscal seria da ordem de R$13 bilh\u00f5es por ano&#8221;, explica.<\/p>\n<p>&nbsp;<\/p>\n<p>Ele tamb\u00e9m defende a redu\u00e7\u00e3o das dedu\u00e7\u00f5es dos gastos com sa\u00fade e educa\u00e7\u00e3o do Imposto de Renda, que beneficiam apenas os mais ricos da popula\u00e7\u00e3o, e a tributa\u00e7\u00e3o, equilibrada, sobre lucros e dividendos.<\/p>\n<p>&nbsp;<\/p>\n<p>&#8220;Nesse contexto, a qualidade da reforma \u00e9 absolutamente fundamental, pois \u00e9 com ela e seus efeitos (positivos ou negativos) correspondentes que o pa\u00eds contar\u00e1 no futuro pr\u00f3ximo. Temos que acertar, o pa\u00eds n\u00e3o aguenta mais uma d\u00e9cada perdida, de persist\u00eancia nessa armadilha de baixo crescimento&#8221;, sentencia.<\/p>\n<p>&nbsp;<\/p>\n<p><em>Bras\u00edlia, 22h01min<\/em><\/p>\n","protected":false},"excerpt":{"rendered":"<p>Uma reforma tribut\u00e1ria ampla, com simplifica\u00e7\u00e3o do sistema de impostos, ter\u00e1 potencial para ampliar o Produto Interno Bruto (PIB) em14% em oito anos, estima o economista-chefe da gestora de recursos RPS Capital, Gabriel Leal de Barros. &nbsp; Pelos c\u00e1lculos dele,\u00a0no mesmo per\u00edodo, o investimento privado poder\u00e1 se expandir em 40% e a Forma\u00e7\u00e3o Fixa de [&hellip;]<\/p>\n","protected":false},"author":22,"featured_media":16465,"comment_status":"open","ping_status":"closed","sticky":false,"template":"","format":"standard","meta":{"footnotes":""},"categories":[600],"tags":[589,2526,2787,5556],"class_list":["post-19385","post","type-post","status-publish","format-standard","has-post-thumbnail","hentry","category-economia","tag-economia","tag-poder","tag-politica","tag-reforma-tributaria-ampla-aumentara-pib-em-14-em-oito-anos"],"_links":{"self":[{"href":"https:\/\/blogs.correiobraziliense.com.br\/vicente\/wp-json\/wp\/v2\/posts\/19385","targetHints":{"allow":["GET"]}}],"collection":[{"href":"https:\/\/blogs.correiobraziliense.com.br\/vicente\/wp-json\/wp\/v2\/posts"}],"about":[{"href":"https:\/\/blogs.correiobraziliense.com.br\/vicente\/wp-json\/wp\/v2\/types\/post"}],"author":[{"embeddable":true,"href":"https:\/\/blogs.correiobraziliense.com.br\/vicente\/wp-json\/wp\/v2\/users\/22"}],"replies":[{"embeddable":true,"href":"https:\/\/blogs.correiobraziliense.com.br\/vicente\/wp-json\/wp\/v2\/comments?post=19385"}],"version-history":[{"count":1,"href":"https:\/\/blogs.correiobraziliense.com.br\/vicente\/wp-json\/wp\/v2\/posts\/19385\/revisions"}],"predecessor-version":[{"id":19387,"href":"https:\/\/blogs.correiobraziliense.com.br\/vicente\/wp-json\/wp\/v2\/posts\/19385\/revisions\/19387"}],"wp:featuredmedia":[{"embeddable":true,"href":"https:\/\/blogs.correiobraziliense.com.br\/vicente\/wp-json\/wp\/v2\/media\/16465"}],"wp:attachment":[{"href":"https:\/\/blogs.correiobraziliense.com.br\/vicente\/wp-json\/wp\/v2\/media?parent=19385"}],"wp:term":[{"taxonomy":"category","embeddable":true,"href":"https:\/\/blogs.correiobraziliense.com.br\/vicente\/wp-json\/wp\/v2\/categories?post=19385"},{"taxonomy":"post_tag","embeddable":true,"href":"https:\/\/blogs.correiobraziliense.com.br\/vicente\/wp-json\/wp\/v2\/tags?post=19385"}],"curies":[{"name":"wp","href":"https:\/\/api.w.org\/{rel}","templated":true}]}}