{"id":19377,"date":"2021-06-15T05:01:01","date_gmt":"2021-06-15T08:01:01","guid":{"rendered":"https:\/\/blogs.correiobraziliense.com.br\/vicente\/?p=19377"},"modified":"2021-06-15T08:34:16","modified_gmt":"2021-06-15T11:34:16","slug":"empreendedoras-brasileiras-sao-as-mais-afetadas-pela-pandemia","status":"publish","type":"post","link":"https:\/\/blogs.correiobraziliense.com.br\/vicente\/empreendedoras-brasileiras-sao-as-mais-afetadas-pela-pandemia\/","title":{"rendered":"Empreendedoras brasileiras s\u00e3o as mais afetadas pela pandemia"},"content":{"rendered":"<h2><span style=\"font-weight: 400\">ROSANA HESSEL<\/span><\/h2>\n<h2><\/h2>\n<h2><span style=\"font-weight: 400\">As micro e pequenas empres\u00e1rias brasileiras foram as que tiveram os neg\u00f3cios mais afetados pela pandemia da covid-19. Essa \u00e9 uma das conclus\u00f5es de uma pesquisa do Goldman Sachs realizada junto \u00e0s participantes do Programa 10 mil Mulheres do banco norte-americano, voltado para a capacita\u00e7\u00e3o de empreendedoras em 37 pa\u00edses, das quais 1,2 mil no Brasil.<\/span><\/h2>\n<p>&nbsp;<\/p>\n<p>Conforme a pesquisa do Goldman Sachs divulgada nesta ter\u00e7a-feira (15\/06), 83% das empreendedoras brasileiras conseguiram manter o neg\u00f3cio desde o in\u00edcio da pandemia. Outras 12% fecharam o neg\u00f3cio permanentemente e 5% saiu do neg\u00f3cio antes da chegada da covid-19 ao pa\u00eds.\u00a0Das\u00a0<span style=\"font-weight: 400\">83% das empreendedoras brasileiras conseguiram manter os neg\u00f3cios, a maioria (66%) contou que registrou queda na receita dos neg\u00f3cios. Outras 20% responderam que o faturamento n\u00e3o sofreu altera\u00e7\u00e3o e 14% registraram crescimento na receita.<\/span><\/p>\n<p>&nbsp;<\/p>\n<p><span style=\"font-weight: 400\">A pesquisa tem como base as ex-alunas do programa de capacita\u00e7\u00e3o do Goldman Sachs, realizado em parceria com em parceria com a Funda\u00e7\u00e3o Getulio Vargas (FGV) e Funda\u00e7\u00e3o Dom Cabral. Os dados mostram que 53% das entrevistadas contaram que reduziram o n\u00famero de empregados. Outras 40% n\u00e3o alteraram o quadro de pessoal e apenas 5% contrataram novos funcion\u00e1rios.\u00a0<\/span><\/p>\n<p>&nbsp;<\/p>\n<p><span style=\"font-weight: 400\">De acordo com o estudo do Goldman Sachs, 53% das ex-alunas que participaram da capacita\u00e7\u00e3o do Programa 10 mil mulheres no Brasil precisaram focar mais na fam\u00edlia durante a pandemia e mais de um quarto dessas empreendedoras contou que o aumento desse foco acabou prejudicando a capacidade de gerenciar o pr\u00f3prio neg\u00f3cio. Enquanto isso, 86% das empreendedoras contaram que sentiram que a performance de seus neg\u00f3cios foi impactada por esse fator fora do controle delas. Al\u00e9m disso, 71% dessas mulheres ainda se sentem confiantes sobre o futuro dos neg\u00f3cios.<\/span><\/p>\n<p>&nbsp;<\/p>\n<p><span style=\"font-weight: 400\">\u201cDescobrimos que quase todas as ex-alunas do programa tiveram dificuldade em gerir os seus neg\u00f3cios. O principal desafio foi financeiro, mas um segundo importante foi r<\/span><span style=\"font-weight: 400\">elacionadas com o papel \u00fanico das mulheres como cuidadoras com responsabilidade pela gest\u00e3o de fam\u00edlias e empresas\u201d, destacou o estudo. O relat\u00f3rio ainda apontou que as empreendedoras brasileiras est\u00e3o adaptando os modelos de neg\u00f3cio \u00e0 nova conjuntura e adotando ferramentas digitais nesse novo ambiente em meio \u00e0 pandemia. \u201cAs provas da experi\u00eancia com a covid-1 s\u00e3o claras: as mulheres l\u00edderes empresariais s\u00e3o resilientes. Mas, para prosperarem, precisam de toda a ajuda que podem obter\u201d, complementou o documento.<\/span><\/p>\n<p>&nbsp;<\/p>\n<p>&nbsp;<\/p>\n","protected":false},"excerpt":{"rendered":"<p>ROSANA HESSEL As micro e pequenas empres\u00e1rias brasileiras foram as que tiveram os neg\u00f3cios mais afetados pela pandemia da covid-19. Essa \u00e9 uma das conclus\u00f5es de uma pesquisa do Goldman Sachs realizada junto \u00e0s participantes do Programa 10 mil Mulheres do banco norte-americano, voltado para a capacita\u00e7\u00e3o de empreendedoras em 37 pa\u00edses, das quais 1,2 [&hellip;]<\/p>\n","protected":false},"author":22,"featured_media":19378,"comment_status":"open","ping_status":"closed","sticky":false,"template":"","format":"standard","meta":{"footnotes":""},"categories":[600],"tags":[378,4583,789,5554,2171,465,5555],"class_list":["post-19377","post","type-post","status-publish","format-standard","has-post-thumbnail","hentry","category-economia","tag-brasil","tag-empreendedoras","tag-goldman-sachs","tag-impacto-da-covid-19-nos-negocios","tag-mulheres","tag-pesquisa","tag-programa-10-mil-mulheres"],"_links":{"self":[{"href":"https:\/\/blogs.correiobraziliense.com.br\/vicente\/wp-json\/wp\/v2\/posts\/19377","targetHints":{"allow":["GET"]}}],"collection":[{"href":"https:\/\/blogs.correiobraziliense.com.br\/vicente\/wp-json\/wp\/v2\/posts"}],"about":[{"href":"https:\/\/blogs.correiobraziliense.com.br\/vicente\/wp-json\/wp\/v2\/types\/post"}],"author":[{"embeddable":true,"href":"https:\/\/blogs.correiobraziliense.com.br\/vicente\/wp-json\/wp\/v2\/users\/22"}],"replies":[{"embeddable":true,"href":"https:\/\/blogs.correiobraziliense.com.br\/vicente\/wp-json\/wp\/v2\/comments?post=19377"}],"version-history":[{"count":4,"href":"https:\/\/blogs.correiobraziliense.com.br\/vicente\/wp-json\/wp\/v2\/posts\/19377\/revisions"}],"predecessor-version":[{"id":19389,"href":"https:\/\/blogs.correiobraziliense.com.br\/vicente\/wp-json\/wp\/v2\/posts\/19377\/revisions\/19389"}],"wp:featuredmedia":[{"embeddable":true,"href":"https:\/\/blogs.correiobraziliense.com.br\/vicente\/wp-json\/wp\/v2\/media\/19378"}],"wp:attachment":[{"href":"https:\/\/blogs.correiobraziliense.com.br\/vicente\/wp-json\/wp\/v2\/media?parent=19377"}],"wp:term":[{"taxonomy":"category","embeddable":true,"href":"https:\/\/blogs.correiobraziliense.com.br\/vicente\/wp-json\/wp\/v2\/categories?post=19377"},{"taxonomy":"post_tag","embeddable":true,"href":"https:\/\/blogs.correiobraziliense.com.br\/vicente\/wp-json\/wp\/v2\/tags?post=19377"}],"curies":[{"name":"wp","href":"https:\/\/api.w.org\/{rel}","templated":true}]}}