{"id":19363,"date":"2021-06-13T13:56:41","date_gmt":"2021-06-13T16:56:41","guid":{"rendered":"https:\/\/blogs.correiobraziliense.com.br\/vicente\/?p=19363"},"modified":"2021-06-13T14:25:46","modified_gmt":"2021-06-13T17:25:46","slug":"as-ligacoes-do-ministro-jorge-oliveira-com-o-auditor-do-tcu-que-fez-estudo-paralelo","status":"publish","type":"post","link":"https:\/\/blogs.correiobraziliense.com.br\/vicente\/as-ligacoes-do-ministro-jorge-oliveira-com-o-auditor-do-tcu-que-fez-estudo-paralelo\/","title":{"rendered":"As liga\u00e7\u00f5es do ministro Jorge Oliveira com o auditor do TCU que fez \u201cestudo paralelo\u201d"},"content":{"rendered":"<h2>O clima continua \u2014 e muito \u2014 tenso no Tribunal de Contas da Uni\u00e3o (TCU). Investiga\u00e7\u00f5es em andamento pelo \u00f3rg\u00e3o apontam liga\u00e7\u00f5es entre o ministro Jorge Oliveira e o auditor Alexandre Figueiredo Costa Silva Marques, autor do &#8220;estudo paralelo&#8221; que vem sendo citado nos \u00faltimos dias pelo presidente Jair Bolsonaro. O ministro e Alexandre s\u00e3o amigos de longa data dos filhos de Bolsonaro.<\/h2>\n<p>&nbsp;<\/p>\n<p>At\u00e9 o momento, no entanto, n\u00e3o h\u00e1 nada comprovando que o ministro Jorge Oliveira \u2014 o \u00fanico do TCU indicado por Bolsonaro \u2014 teve acesso antecipado \u00e0 farsa montada pelo auditor para desqualificar as estat\u00edsticas oficiais sobre mortes pela covid-19 no pa\u00eds. Alexandre afirma que ao menos 50% dos \u00f3bitos registrados n\u00e3o foram pela doen\u00e7a.<\/p>\n<p>&nbsp;<\/p>\n<p>Mas, segundo integrantes do TCU, com as investiga\u00e7\u00f5es abertas pelo \u00f3rg\u00e3o e com a quebra dos sigilos do auditor pela CPI da Covid, ser\u00e1 poss\u00edvel rastrear todos os movimentos que levaram o &#8220;estudo paralelo&#8221; at\u00e9 o presidente da Rep\u00fablica. Em nota, o TCU negou a exist\u00eancia de qualquer relat\u00f3rio oficial sobre mortes pela covid-19.<\/p>\n<p>&nbsp;<\/p>\n<p>Num primeiro momento, Bolsonaro assumiu que o &#8220;estudo&#8221; era falso. Contudo, logo depois, voltou a difundir entre os seus seguidores fan\u00e1ticos que o TCU tem, sim, um relat\u00f3rio apontando que as v\u00edtimas do novo coronav\u00edrus foram superestimadas pelos governadores com o intuito de receberem mais verbas federais.<\/p>\n<p>&nbsp;<\/p>\n<p>Alexandre Marques foi afastado de suas fun\u00e7\u00f5es e proibido de entrar nos pr\u00e9dios do TCU e de acessar os sistemas do Tribunal. O corregedor do \u00f3rg\u00e3o, ministro Bruno Dantas, com base em mat\u00e9rias publicadas pelo <strong>Blog<\/strong>, abriu um processo administrativo interno e pediu que a Pol\u00edcia Federal investigue o auditor.<\/p>\n<p>&nbsp;<\/p>\n<p>A nomea\u00e7\u00e3o de Jorge Oliveira para o TCU faz parte da estrat\u00e9gia de Bolsonaro de ter mais controle sobre o Tribunal. L\u00e1 correm pelo menos tr\u00eas processos contra o governo envolvendo gastos com cloroquina. O Ex\u00e9rcito adquiriu o f\u00e1rmaco com dispensa de licita\u00e7\u00e3o. O medicamento \u00e9 indicado pelo presidente da Rep\u00fablica para o tratamento precoce da covid, mesmo n\u00e3o tendo comprova\u00e7\u00e3o cient\u00edfica.<\/p>\n<p>&nbsp;<\/p>\n<p><em>Bras\u00edlia, 13h56min\u00a0<\/em><\/p>\n","protected":false},"excerpt":{"rendered":"<p>O clima continua \u2014 e muito \u2014 tenso no Tribunal de Contas da Uni\u00e3o (TCU). Investiga\u00e7\u00f5es em andamento pelo \u00f3rg\u00e3o apontam liga\u00e7\u00f5es entre o ministro Jorge Oliveira e o auditor Alexandre Figueiredo Costa Silva Marques, autor do &#8220;estudo paralelo&#8221; que vem sendo citado nos \u00faltimos dias pelo presidente Jair Bolsonaro. O ministro e Alexandre s\u00e3o [&hellip;]<\/p>\n","protected":false},"author":22,"featured_media":19364,"comment_status":"open","ping_status":"closed","sticky":false,"template":"","format":"standard","meta":{"footnotes":""},"categories":[600],"tags":[5551,926,2526,2787],"class_list":["post-19363","post","type-post","status-publish","format-standard","has-post-thumbnail","hentry","category-economia","tag-as-ligacoes-do-ministro-jorge-oliveira-com-o-auditor-do-tcu-que-fez-estudo-paralelo","tag-brasilia","tag-poder","tag-politica"],"_links":{"self":[{"href":"https:\/\/blogs.correiobraziliense.com.br\/vicente\/wp-json\/wp\/v2\/posts\/19363","targetHints":{"allow":["GET"]}}],"collection":[{"href":"https:\/\/blogs.correiobraziliense.com.br\/vicente\/wp-json\/wp\/v2\/posts"}],"about":[{"href":"https:\/\/blogs.correiobraziliense.com.br\/vicente\/wp-json\/wp\/v2\/types\/post"}],"author":[{"embeddable":true,"href":"https:\/\/blogs.correiobraziliense.com.br\/vicente\/wp-json\/wp\/v2\/users\/22"}],"replies":[{"embeddable":true,"href":"https:\/\/blogs.correiobraziliense.com.br\/vicente\/wp-json\/wp\/v2\/comments?post=19363"}],"version-history":[{"count":2,"href":"https:\/\/blogs.correiobraziliense.com.br\/vicente\/wp-json\/wp\/v2\/posts\/19363\/revisions"}],"predecessor-version":[{"id":19372,"href":"https:\/\/blogs.correiobraziliense.com.br\/vicente\/wp-json\/wp\/v2\/posts\/19363\/revisions\/19372"}],"wp:featuredmedia":[{"embeddable":true,"href":"https:\/\/blogs.correiobraziliense.com.br\/vicente\/wp-json\/wp\/v2\/media\/19364"}],"wp:attachment":[{"href":"https:\/\/blogs.correiobraziliense.com.br\/vicente\/wp-json\/wp\/v2\/media?parent=19363"}],"wp:term":[{"taxonomy":"category","embeddable":true,"href":"https:\/\/blogs.correiobraziliense.com.br\/vicente\/wp-json\/wp\/v2\/categories?post=19363"},{"taxonomy":"post_tag","embeddable":true,"href":"https:\/\/blogs.correiobraziliense.com.br\/vicente\/wp-json\/wp\/v2\/tags?post=19363"}],"curies":[{"name":"wp","href":"https:\/\/api.w.org\/{rel}","templated":true}]}}