{"id":19331,"date":"2021-06-09T14:01:36","date_gmt":"2021-06-09T17:01:36","guid":{"rendered":"https:\/\/blogs.correiobraziliense.com.br\/vicente\/?p=19331"},"modified":"2021-06-09T14:52:05","modified_gmt":"2021-06-09T17:52:05","slug":"acredite-brasilia-tem-a-menor-inflacao-do-pais-diz-ibge","status":"publish","type":"post","link":"https:\/\/blogs.correiobraziliense.com.br\/vicente\/acredite-brasilia-tem-a-menor-inflacao-do-pais-diz-ibge\/","title":{"rendered":"Acredite: Bras\u00edlia tem a menor infla\u00e7\u00e3o do pa\u00eds, diz IBGE"},"content":{"rendered":"<h2>Quem vai aos supermercados frequentemente, com certeza, duvida, mas o Instituto Brasileiro de Geografia e Estat\u00edstica (IBGE) informa que Bras\u00edlia registrou a menor infla\u00e7\u00e3o em maio. Segundo o \u00cdndice de Pre\u00e7os ao Consumidor Amplo (IPCA), o custo de vida na capital federal subiu apenas 0,27%, um ter\u00e7o do 0,83% computado no pa\u00eds.<\/h2>\n<p>&nbsp;<\/p>\n<p>O IBGE informa que contribu\u00edram para esse resultado t\u00e3o baixo da infla\u00e7\u00e3o em Bras\u00edlia as quedas\u00a0nos pre\u00e7os das passagens a\u00e9reas (-37,10%) e das frutas (-10,68%).<\/p>\n<p>&nbsp;<\/p>\n<p>No acumulado do ano, a infla\u00e7\u00e3o em Bras\u00edlia chega a 3,01%, ficando abaixo somente dos \u00edndices do Rio de Janeiro (2,80%) e de S\u00e3o Paulo (2,77%). Em 12 meses, o custo de vida na capital atinge 7,44%.<\/p>\n<p>&nbsp;<\/p>\n<p>Tamb\u00e9m entre os mais pobres, com renda entre um e cinco sal\u00e1rios m\u00ednimos, a infla\u00e7\u00e3o medida pelo \u00cdndice Nacional de Pre\u00e7os ao Consumidor (INPC) em Bras\u00edlia em maio foi a menor do pa\u00eds: 0,41% ante m\u00e9dia nacional de 0,96%.<\/p>\n<p>&nbsp;<\/p>\n<p><em>Bras\u00edlia, 14h01min<\/em><\/p>\n","protected":false},"excerpt":{"rendered":"<p>Quem vai aos supermercados frequentemente, com certeza, duvida, mas o Instituto Brasileiro de Geografia e Estat\u00edstica (IBGE) informa que Bras\u00edlia registrou a menor infla\u00e7\u00e3o em maio. Segundo o \u00cdndice de Pre\u00e7os ao Consumidor Amplo (IPCA), o custo de vida na capital federal subiu apenas 0,27%, um ter\u00e7o do 0,83% computado no pa\u00eds. &nbsp; O IBGE [&hellip;]<\/p>\n","protected":false},"author":22,"featured_media":10457,"comment_status":"open","ping_status":"closed","sticky":false,"template":"","format":"standard","meta":{"footnotes":""},"categories":[600],"tags":[5541,5542,589,4943],"class_list":["post-19331","post","type-post","status-publish","format-standard","has-post-thumbnail","hentry","category-economia","tag-acredite-brasilia-tem-a-menor-inflacao-do-pais","tag-diz-ibge","tag-economia","tag-financas"],"_links":{"self":[{"href":"https:\/\/blogs.correiobraziliense.com.br\/vicente\/wp-json\/wp\/v2\/posts\/19331","targetHints":{"allow":["GET"]}}],"collection":[{"href":"https:\/\/blogs.correiobraziliense.com.br\/vicente\/wp-json\/wp\/v2\/posts"}],"about":[{"href":"https:\/\/blogs.correiobraziliense.com.br\/vicente\/wp-json\/wp\/v2\/types\/post"}],"author":[{"embeddable":true,"href":"https:\/\/blogs.correiobraziliense.com.br\/vicente\/wp-json\/wp\/v2\/users\/22"}],"replies":[{"embeddable":true,"href":"https:\/\/blogs.correiobraziliense.com.br\/vicente\/wp-json\/wp\/v2\/comments?post=19331"}],"version-history":[{"count":2,"href":"https:\/\/blogs.correiobraziliense.com.br\/vicente\/wp-json\/wp\/v2\/posts\/19331\/revisions"}],"predecessor-version":[{"id":19333,"href":"https:\/\/blogs.correiobraziliense.com.br\/vicente\/wp-json\/wp\/v2\/posts\/19331\/revisions\/19333"}],"wp:featuredmedia":[{"embeddable":true,"href":"https:\/\/blogs.correiobraziliense.com.br\/vicente\/wp-json\/wp\/v2\/media\/10457"}],"wp:attachment":[{"href":"https:\/\/blogs.correiobraziliense.com.br\/vicente\/wp-json\/wp\/v2\/media?parent=19331"}],"wp:term":[{"taxonomy":"category","embeddable":true,"href":"https:\/\/blogs.correiobraziliense.com.br\/vicente\/wp-json\/wp\/v2\/categories?post=19331"},{"taxonomy":"post_tag","embeddable":true,"href":"https:\/\/blogs.correiobraziliense.com.br\/vicente\/wp-json\/wp\/v2\/tags?post=19331"}],"curies":[{"name":"wp","href":"https:\/\/api.w.org\/{rel}","templated":true}]}}