{"id":19322,"date":"2021-06-09T12:01:21","date_gmt":"2021-06-09T15:01:21","guid":{"rendered":"https:\/\/blogs.correiobraziliense.com.br\/vicente\/?p=19322"},"modified":"2021-06-09T13:23:51","modified_gmt":"2021-06-09T16:23:51","slug":"corregedor-do-tcu-pede-que-pf-abra-inquerito-contra-auditor-de-estudo-paralelo","status":"publish","type":"post","link":"https:\/\/blogs.correiobraziliense.com.br\/vicente\/corregedor-do-tcu-pede-que-pf-abra-inquerito-contra-auditor-de-estudo-paralelo\/","title":{"rendered":"Corregedor do TCU pede que PF abra inqu\u00e9rito contra auditor de &#8220;estudo paralelo&#8221;"},"content":{"rendered":"<h2>O ministro Bruno Dantas, do Tribunal de Contas da Uni\u00e3o (TCU), pediu \u00e0 Pol\u00edcia Federal que abra inqu\u00e9rito para apurar as a\u00e7\u00f5es do auditor Alexandre Figueiredo Costa Silva Marques, respons\u00e1vel pela elabora\u00e7\u00e3o de um &#8220;estudo paralelo&#8221; apontando que pelo menos 50% das mortes por covid-19 n\u00e3o teriam ocorrido.<\/h2>\n<p>&nbsp;<\/p>\n<p>Segundo o auditor, os governadores teriam inflado os n\u00fameros para que pudessem receber mais verbas do governo federal. O &#8220;estudo paralelo&#8221; foi citado pelo presidente Jair Bolsonaro para atacar os cr\u00edticos. Um dia depois, por\u00e9m, Bolsonaro admitiu que havia errado e que &#8220;o estudo&#8221; n\u00e3o era do TCU, que tamb\u00e9m desmentiu a farsa em nota.<\/p>\n<p>&nbsp;<\/p>\n<p>Nesta quarta-feira (09\/06), o ministro Bruno Dantas pediu, oficialmente, a abertura de processo administrativo disciplinar contra Alexandre, tendo como base mat\u00e9rias publicadas pelo <strong>Blog<\/strong>. A meta \u00e9\u00a0\u00a0apurar a &#8220;poss\u00edvel pr\u00e1tica de infra\u00e7\u00e3o funcional&#8221;.<\/p>\n<p>&nbsp;<\/p>\n<p>Dantas tamb\u00e9m pediu o\u00a0afastamento preventivo do auditor federal de controle externo como medida cautelar e &#8220;a fim de que ele n\u00e3o venha a influir na apura\u00e7\u00e3o da irregularidade, na forma do art. 147 da Lei<br \/>\n8.112\/1990&#8221;.<\/p>\n<p>&nbsp;<\/p>\n<p>O pedido refor\u00e7a \u00e0 Secretaria de Tecnologia da Informa\u00e7\u00e3o (STI) e \u00e0 Secretaria de Infraestrutura de Tecnologia da Informa\u00e7\u00e3o (Setic) do TCU para que realizem o imediato bloquei do login do servidor em todos os<br \/>\nsistemas do Tribunal.<\/p>\n<p>&nbsp;<\/p>\n<p><em>Bras\u00edlia, 12h01min<\/em><\/p>\n","protected":false},"excerpt":{"rendered":"<p>O ministro Bruno Dantas, do Tribunal de Contas da Uni\u00e3o (TCU), pediu \u00e0 Pol\u00edcia Federal que abra inqu\u00e9rito para apurar as a\u00e7\u00f5es do auditor Alexandre Figueiredo Costa Silva Marques, respons\u00e1vel pela elabora\u00e7\u00e3o de um &#8220;estudo paralelo&#8221; apontando que pelo menos 50% das mortes por covid-19 n\u00e3o teriam ocorrido. &nbsp; Segundo o auditor, os governadores teriam [&hellip;]<\/p>\n","protected":false},"author":22,"featured_media":19302,"comment_status":"open","ping_status":"closed","sticky":false,"template":"","format":"standard","meta":{"footnotes":""},"categories":[600],"tags":[378,5540,2526,2787],"class_list":["post-19322","post","type-post","status-publish","format-standard","has-post-thumbnail","hentry","category-economia","tag-brasil","tag-corregedor-do-tcu-pede-que-pf-abra-inquerito-contra-auditor-de-estudo-paralelo","tag-poder","tag-politica"],"_links":{"self":[{"href":"https:\/\/blogs.correiobraziliense.com.br\/vicente\/wp-json\/wp\/v2\/posts\/19322","targetHints":{"allow":["GET"]}}],"collection":[{"href":"https:\/\/blogs.correiobraziliense.com.br\/vicente\/wp-json\/wp\/v2\/posts"}],"about":[{"href":"https:\/\/blogs.correiobraziliense.com.br\/vicente\/wp-json\/wp\/v2\/types\/post"}],"author":[{"embeddable":true,"href":"https:\/\/blogs.correiobraziliense.com.br\/vicente\/wp-json\/wp\/v2\/users\/22"}],"replies":[{"embeddable":true,"href":"https:\/\/blogs.correiobraziliense.com.br\/vicente\/wp-json\/wp\/v2\/comments?post=19322"}],"version-history":[{"count":4,"href":"https:\/\/blogs.correiobraziliense.com.br\/vicente\/wp-json\/wp\/v2\/posts\/19322\/revisions"}],"predecessor-version":[{"id":19329,"href":"https:\/\/blogs.correiobraziliense.com.br\/vicente\/wp-json\/wp\/v2\/posts\/19322\/revisions\/19329"}],"wp:featuredmedia":[{"embeddable":true,"href":"https:\/\/blogs.correiobraziliense.com.br\/vicente\/wp-json\/wp\/v2\/media\/19302"}],"wp:attachment":[{"href":"https:\/\/blogs.correiobraziliense.com.br\/vicente\/wp-json\/wp\/v2\/media?parent=19322"}],"wp:term":[{"taxonomy":"category","embeddable":true,"href":"https:\/\/blogs.correiobraziliense.com.br\/vicente\/wp-json\/wp\/v2\/categories?post=19322"},{"taxonomy":"post_tag","embeddable":true,"href":"https:\/\/blogs.correiobraziliense.com.br\/vicente\/wp-json\/wp\/v2\/tags?post=19322"}],"curies":[{"name":"wp","href":"https:\/\/api.w.org\/{rel}","templated":true}]}}