{"id":19316,"date":"2021-06-08T17:58:58","date_gmt":"2021-06-08T20:58:58","guid":{"rendered":"https:\/\/blogs.correiobraziliense.com.br\/vicente\/?p=19316"},"modified":"2021-06-08T19:47:02","modified_gmt":"2021-06-08T22:47:02","slug":"corregedoria-do-tcu-quer-afastamento-cautelar-de-auditor-que-fez-estudo-paralelo","status":"publish","type":"post","link":"https:\/\/blogs.correiobraziliense.com.br\/vicente\/corregedoria-do-tcu-quer-afastamento-cautelar-de-auditor-que-fez-estudo-paralelo\/","title":{"rendered":"Corregedoria do TCU quer afastamento cautelar de auditor que fez &#8220;estudo paralelo&#8221;"},"content":{"rendered":"<h2>A presidente do Tribunal de Contas da Uni\u00e3o (TCU), ministra Ana Arraes, autorizou a abertura de processo administrativo disciplinar contra o auditor Alexandre Figueiredo Costa Silva Marques. O corregedor do Tribunal, ministro Bruno Dantas, pediu o afastamento cautelar do servidor. Alexandre, que fez o &#8220;estudo paralelo&#8221; sobre a covid-19, j\u00e1 foi destitu\u00eddo de suas fun\u00e7\u00f5es na secretaria que acompanha os gastos p\u00fablicos com equipamentos de enfrentamento da pandemia.<\/h2>\n<p>&nbsp;<\/p>\n<p>O &#8220;estudo paralelo&#8221; foi citado na segunda-feira (07\/06) pelo presidente Jair Bolsonaro, um dia depois de Alexandre inseri-lo nos sistema do Tribunal. A tese falsa preparada pelo auditor do TCU diz que metade das mortes pelo covid-19 no pa\u00eds n\u00e3o aconteceram. Afirma ainda que os governadores inflaram os n\u00fameros de \u00f3bitos para receberem mais recursos da Uni\u00e3o.<\/p>\n<p>&nbsp;<\/p>\n<p>O ministro Bruno Dantas pediu \u00e0 \u00e1rea de tecnologia do TCU todas as informa\u00e7\u00f5es relacionadas ao trabalho de Alexandre na secretaria que lida com intelig\u00eancia e combate \u00e0 corrup\u00e7\u00e3o na Corte de Contas. Houve uma press\u00e3o enorme para que o corregedor agisse diante do envolvimento do Tribunal com not\u00edcias falsas.<\/p>\n<p>&nbsp;<\/p>\n<p>O clima dentro do TCU \u00e9 de como\u00e7\u00e3o, pois a credibilidade da institui\u00e7\u00e3o ficou amea\u00e7ada a partir do momento em que um estudo falso foi apontado como de sua autoria. Para acalmar os \u00e2nimos, o Tribunal soltou nota oficial negando rela\u00e7\u00e3o com a tese falsa e refor\u00e7ando a abertura de processo contra Alexandre. Veja a \u00edntegra da nota:<\/p>\n<p>&nbsp;<\/p>\n<p><em>&#8220;O TCU esclarece que n\u00e3o h\u00e1 informa\u00e7\u00f5es em relat\u00f3rios do tribunal que apontem que \u201cem torno de 50% dos \u00f3bitos por Covid no ano passado n\u00e3o foram por Covid\u201d, conforme afirma\u00e7\u00e3o do Presidente Jair Bolsonaro divulgada hoje.<\/em><\/p>\n<p><em>O TCU refor\u00e7a que n\u00e3o \u00e9 o autor de documento que circula na imprensa e nas redes sociais intitulado &#8220;Da poss\u00edvel supernotifica\u00e7\u00e3o de \u00f3bitos causados por Covid-19 no Brasil&#8221;.<\/em><\/p>\n<p><em>O documento refere-se a uma an\u00e1lise pessoal de um servidor do Tribunal compartilhada para discuss\u00e3o e n\u00e3o consta de quaisquer processos oficiais desta Casa, seja como informa\u00e7\u00f5es de suporte, relat\u00f3rio de auditoria ou manifesta\u00e7\u00e3o do Tribunal. Ressalta-se, ainda, que as quest\u00f5es veiculadas no referido documento n\u00e3o encontram respaldo em nenhuma fiscaliza\u00e7\u00e3o do TCU.<\/em><\/p>\n<p><em>Ser\u00e1 instaurado procedimento interno para apurar se houve alguma inadequa\u00e7\u00e3o de conduta funcional no caso.&#8221;<\/em><\/p>\n<p>&nbsp;<\/p>\n<p><em>Bras\u00edlia, 17h54min<\/em><\/p>\n","protected":false},"excerpt":{"rendered":"<p>A presidente do Tribunal de Contas da Uni\u00e3o (TCU), ministra Ana Arraes, autorizou a abertura de processo administrativo disciplinar contra o auditor Alexandre Figueiredo Costa Silva Marques. O corregedor do Tribunal, ministro Bruno Dantas, pediu o afastamento cautelar do servidor. Alexandre, que fez o &#8220;estudo paralelo&#8221; sobre a covid-19, j\u00e1 foi destitu\u00eddo de suas fun\u00e7\u00f5es [&hellip;]<\/p>\n","protected":false},"author":22,"featured_media":17784,"comment_status":"open","ping_status":"closed","sticky":false,"template":"","format":"standard","meta":{"footnotes":""},"categories":[600],"tags":[926,5538,2526,2787],"class_list":["post-19316","post","type-post","status-publish","format-standard","has-post-thumbnail","hentry","category-economia","tag-brasilia","tag-corregedoria-do-tcu-quer-afastamento-cautelar-de-auditor-que-fez-estudo-paralelo","tag-poder","tag-politica"],"_links":{"self":[{"href":"https:\/\/blogs.correiobraziliense.com.br\/vicente\/wp-json\/wp\/v2\/posts\/19316","targetHints":{"allow":["GET"]}}],"collection":[{"href":"https:\/\/blogs.correiobraziliense.com.br\/vicente\/wp-json\/wp\/v2\/posts"}],"about":[{"href":"https:\/\/blogs.correiobraziliense.com.br\/vicente\/wp-json\/wp\/v2\/types\/post"}],"author":[{"embeddable":true,"href":"https:\/\/blogs.correiobraziliense.com.br\/vicente\/wp-json\/wp\/v2\/users\/22"}],"replies":[{"embeddable":true,"href":"https:\/\/blogs.correiobraziliense.com.br\/vicente\/wp-json\/wp\/v2\/comments?post=19316"}],"version-history":[{"count":2,"href":"https:\/\/blogs.correiobraziliense.com.br\/vicente\/wp-json\/wp\/v2\/posts\/19316\/revisions"}],"predecessor-version":[{"id":19318,"href":"https:\/\/blogs.correiobraziliense.com.br\/vicente\/wp-json\/wp\/v2\/posts\/19316\/revisions\/19318"}],"wp:featuredmedia":[{"embeddable":true,"href":"https:\/\/blogs.correiobraziliense.com.br\/vicente\/wp-json\/wp\/v2\/media\/17784"}],"wp:attachment":[{"href":"https:\/\/blogs.correiobraziliense.com.br\/vicente\/wp-json\/wp\/v2\/media?parent=19316"}],"wp:term":[{"taxonomy":"category","embeddable":true,"href":"https:\/\/blogs.correiobraziliense.com.br\/vicente\/wp-json\/wp\/v2\/categories?post=19316"},{"taxonomy":"post_tag","embeddable":true,"href":"https:\/\/blogs.correiobraziliense.com.br\/vicente\/wp-json\/wp\/v2\/tags?post=19316"}],"curies":[{"name":"wp","href":"https:\/\/api.w.org\/{rel}","templated":true}]}}