{"id":19314,"date":"2021-06-08T17:55:25","date_gmt":"2021-06-08T20:55:25","guid":{"rendered":"https:\/\/blogs.correiobraziliense.com.br\/vicente\/?p=19314"},"modified":"2021-06-08T17:55:43","modified_gmt":"2021-06-08T20:55:43","slug":"auditor-que-fez-estudo-paralelo-sobre-covid-sera-afastado-de-suas-funcoes","status":"publish","type":"post","link":"https:\/\/blogs.correiobraziliense.com.br\/vicente\/auditor-que-fez-estudo-paralelo-sobre-covid-sera-afastado-de-suas-funcoes\/","title":{"rendered":"Auditor que fez &#8220;estudo paralelo&#8221; sobre covid ser\u00e1 afastado de suas fun\u00e7\u00f5es"},"content":{"rendered":"<h2>O Tribunal de Contas da Uni\u00e3o (TCU) decidiu afastar o auditor Alexandre Figueiredo Costa Silva Marques de suas fun\u00e7\u00f5es. Ele \u00e9 o autor do &#8220;estudo paralelo&#8221; apontando que metade das mortes por covid-19 no pa\u00eds n\u00e3o aconteceram. A tese falsa foi citada pelo presidente Jair Bolsonaro como forma de atacar os governadores. Bolsonaro diz que os chefes dos executivos estaduais inflaram dados para receber mais dinheiro da Uni\u00e3o.<\/h2>\n<p>&nbsp;<\/p>\n<p>Alexandre faz parte da secretaria do TCU que monitora o direcionamento de verbas p\u00fablicas para a compra de equipamentos de enfrentamento da pandemia. Segundo integrantes do Tribunal, ele queria incluir no 6\u00ba Relat\u00f3rio de Monitoramento sua tese falsa, o que foi barrado pelos colegas de trabalho. Segundo esses profissionais, se o TCU acatasse o &#8220;estudo paralelo&#8221;, &#8220;iria para a lama do negacionismo&#8221;.<\/p>\n<p>&nbsp;<\/p>\n<p>Dentro do TCU, a vis\u00e3o sobre o &#8220;estudo paralelo&#8221; \u00e9 de que \u00e9 uma pe\u00e7a pol\u00edtica, baseada em &#8220;uma conta rasa de matem\u00e1tica&#8221;, sem qualquer fundamento. Os auditores que repreenderam Alexandre dizem que ele se mostrou irredut\u00edvel quando confrontado com a realidade.<\/p>\n<p>&nbsp;<\/p>\n<p>Sem espa\u00e7o no TCU para levar adiante o &#8220;estudo paralelo&#8221;, ele o liberou para os filhos do presidente Bolsonaro. O TCU abriu processo administrativo para apurar toda a conduta de Alexandre, que \u00e9 um difusor de not\u00edcias falsas nas redes sociais.<\/p>\n","protected":false},"excerpt":{"rendered":"<p>O Tribunal de Contas da Uni\u00e3o (TCU) decidiu afastar o auditor Alexandre Figueiredo Costa Silva Marques de suas fun\u00e7\u00f5es. Ele \u00e9 o autor do &#8220;estudo paralelo&#8221; apontando que metade das mortes por covid-19 no pa\u00eds n\u00e3o aconteceram. A tese falsa foi citada pelo presidente Jair Bolsonaro como forma de atacar os governadores. Bolsonaro diz que [&hellip;]<\/p>\n","protected":false},"author":22,"featured_media":19302,"comment_status":"open","ping_status":"closed","sticky":false,"template":"","format":"standard","meta":{"footnotes":""},"categories":[600],"tags":[],"class_list":["post-19314","post","type-post","status-publish","format-standard","has-post-thumbnail","hentry","category-economia"],"_links":{"self":[{"href":"https:\/\/blogs.correiobraziliense.com.br\/vicente\/wp-json\/wp\/v2\/posts\/19314","targetHints":{"allow":["GET"]}}],"collection":[{"href":"https:\/\/blogs.correiobraziliense.com.br\/vicente\/wp-json\/wp\/v2\/posts"}],"about":[{"href":"https:\/\/blogs.correiobraziliense.com.br\/vicente\/wp-json\/wp\/v2\/types\/post"}],"author":[{"embeddable":true,"href":"https:\/\/blogs.correiobraziliense.com.br\/vicente\/wp-json\/wp\/v2\/users\/22"}],"replies":[{"embeddable":true,"href":"https:\/\/blogs.correiobraziliense.com.br\/vicente\/wp-json\/wp\/v2\/comments?post=19314"}],"version-history":[{"count":1,"href":"https:\/\/blogs.correiobraziliense.com.br\/vicente\/wp-json\/wp\/v2\/posts\/19314\/revisions"}],"predecessor-version":[{"id":19315,"href":"https:\/\/blogs.correiobraziliense.com.br\/vicente\/wp-json\/wp\/v2\/posts\/19314\/revisions\/19315"}],"wp:featuredmedia":[{"embeddable":true,"href":"https:\/\/blogs.correiobraziliense.com.br\/vicente\/wp-json\/wp\/v2\/media\/19302"}],"wp:attachment":[{"href":"https:\/\/blogs.correiobraziliense.com.br\/vicente\/wp-json\/wp\/v2\/media?parent=19314"}],"wp:term":[{"taxonomy":"category","embeddable":true,"href":"https:\/\/blogs.correiobraziliense.com.br\/vicente\/wp-json\/wp\/v2\/categories?post=19314"},{"taxonomy":"post_tag","embeddable":true,"href":"https:\/\/blogs.correiobraziliense.com.br\/vicente\/wp-json\/wp\/v2\/tags?post=19314"}],"curies":[{"name":"wp","href":"https:\/\/api.w.org\/{rel}","templated":true}]}}