{"id":1931,"date":"2016-07-12T19:35:26","date_gmt":"2016-07-12T22:35:26","guid":{"rendered":"https:\/\/blogs.correiobraziliense.com.br\/vicente\/?p=1931"},"modified":"2016-07-13T00:21:31","modified_gmt":"2016-07-13T03:21:31","slug":"senado-aprova-pacote-de-reajustes-servidores-temer-deve-vetar-criacao-de-14-mil-cargos","status":"publish","type":"post","link":"https:\/\/blogs.correiobraziliense.com.br\/vicente\/senado-aprova-pacote-de-reajustes-servidores-temer-deve-vetar-criacao-de-14-mil-cargos\/","title":{"rendered":"Senado aprova pacote de reajustes a servidores. Temer deve vetar cria\u00e7\u00e3o de 14 mil cargos"},"content":{"rendered":"<p>POR VERA BATISTA<\/p>\n<p>&nbsp;<\/p>\n<p>Depois de muita press\u00e3o e intensa negocia\u00e7\u00e3o do Pal\u00e1cio do Planalto com a oposi\u00e7\u00e3o, o Senado aprovou hoje o pacot\u00e3o de oito projetos que garantem aumento de sal\u00e1rios aos servidores do Executivo e do Legislativo Federal. Foram beneficiadas v\u00e1rias carreiras. Havia a amea\u00e7a de boa parte do funcionalismo decretar greve caso a aprova\u00e7\u00e3o n\u00e3o sa\u00edsse at\u00e9 hoje. Ser\u00e3o beneficiados, somente no Executivo, 1,1 milh\u00e3o de funcion\u00e1rios. Os reajustes come\u00e7ar\u00e3o a ser pagos nos contracheques de agosto e v\u00e3o custar R$ 53,3 bilh\u00f5es at\u00e9 2019.<\/p>\n<p>&nbsp;<\/p>\n<p>V\u00e1rias grupos, por\u00e9m, ficar\u00e3o sem aumentos. Entre eles, est\u00e3o os auditores da Receita Federal, os policiais federais e os policiais rodovi\u00e1rios. Mesmo tendo assinados acordos com o governo, os projetos de lei n\u00e3o foram encaminhados ao Congresso, uma vez que o Pal\u00e1cio do Planalto se intimidou com a gritaria contr\u00e1ria aos reajustes. Muitos economistas viram como contradi\u00e7\u00e3o do presidente interino, Michel Temer, dar reajustes de sal\u00e1rios ao funcionalismo num momento em que prega ajuste fiscal e anuncia que o pa\u00eds fechar\u00e1 este ano com rombo de R$ 170,5 bilh\u00f5es. Esses grupos, certamente,<\/p>\n<p>&nbsp;<\/p>\n<p>O acerto para a aprova\u00e7\u00e3o dos reajustes prev\u00ea, por\u00e9m, o veto parcial, por Temer, de quatro das propostas para impedir a cria\u00e7\u00e3o de cargos e gratifica\u00e7\u00f5es e a transposi\u00e7\u00e3o de carreiras de funcion\u00e1rios p\u00fablicos.\u00a0 Com isso, pelo menos 14 mil vagas deixar\u00e3o de ser criadas no governo. H\u00e1, por\u00e9m, um risco grande para o Planalto: a possibilidade de vota\u00e7\u00e3o, nesta quarta-feira, do aumento dos sal\u00e1rios dos ministros do Supremo Tribunal Federal (STF), de R$ 33,7 mil para R$ 36,7 mil neste ano e para R$ 39,2 mil em 2017, o que elevar\u00e1 o teto do funcionalismo, com impacto no caixa dos estados, que est\u00e3o quebrados.<\/p>\n<p>&nbsp;<\/p>\n<p><em>Bras\u00edlia, 19h35min<\/em><\/p>\n<p>&nbsp;<\/p>\n<p>&nbsp;<\/p>\n<p>&nbsp;<\/p>\n<p>&nbsp;<\/p>\n","protected":false},"excerpt":{"rendered":"<p>POR VERA BATISTA &nbsp; Depois de muita press\u00e3o e intensa negocia\u00e7\u00e3o do Pal\u00e1cio do Planalto com a oposi\u00e7\u00e3o, o Senado aprovou hoje o pacot\u00e3o de oito projetos que garantem aumento de sal\u00e1rios aos servidores do Executivo e do Legislativo Federal. Foram beneficiadas v\u00e1rias carreiras. Havia a amea\u00e7a de boa parte do funcionalismo decretar greve caso [&hellip;]<\/p>\n","protected":false},"author":22,"featured_media":0,"comment_status":"open","ping_status":"closed","sticky":false,"template":"","format":"standard","meta":{"footnotes":""},"categories":[600],"tags":[640,641,133,111,124,8,122,123],"class_list":["post-1931","post","type-post","status-publish","format-standard","hentry","category-economia","tag-640","tag-1-milhao","tag-aumento","tag-michel-temer","tag-reajustes","tag-receita-federal","tag-salarios","tag-servidores"],"_links":{"self":[{"href":"https:\/\/blogs.correiobraziliense.com.br\/vicente\/wp-json\/wp\/v2\/posts\/1931","targetHints":{"allow":["GET"]}}],"collection":[{"href":"https:\/\/blogs.correiobraziliense.com.br\/vicente\/wp-json\/wp\/v2\/posts"}],"about":[{"href":"https:\/\/blogs.correiobraziliense.com.br\/vicente\/wp-json\/wp\/v2\/types\/post"}],"author":[{"embeddable":true,"href":"https:\/\/blogs.correiobraziliense.com.br\/vicente\/wp-json\/wp\/v2\/users\/22"}],"replies":[{"embeddable":true,"href":"https:\/\/blogs.correiobraziliense.com.br\/vicente\/wp-json\/wp\/v2\/comments?post=1931"}],"version-history":[{"count":7,"href":"https:\/\/blogs.correiobraziliense.com.br\/vicente\/wp-json\/wp\/v2\/posts\/1931\/revisions"}],"predecessor-version":[{"id":1938,"href":"https:\/\/blogs.correiobraziliense.com.br\/vicente\/wp-json\/wp\/v2\/posts\/1931\/revisions\/1938"}],"wp:attachment":[{"href":"https:\/\/blogs.correiobraziliense.com.br\/vicente\/wp-json\/wp\/v2\/media?parent=1931"}],"wp:term":[{"taxonomy":"category","embeddable":true,"href":"https:\/\/blogs.correiobraziliense.com.br\/vicente\/wp-json\/wp\/v2\/categories?post=1931"},{"taxonomy":"post_tag","embeddable":true,"href":"https:\/\/blogs.correiobraziliense.com.br\/vicente\/wp-json\/wp\/v2\/tags?post=1931"}],"curies":[{"name":"wp","href":"https:\/\/api.w.org\/{rel}","templated":true}]}}