{"id":19301,"date":"2021-06-08T15:54:45","date_gmt":"2021-06-08T18:54:45","guid":{"rendered":"https:\/\/blogs.correiobraziliense.com.br\/vicente\/?p=19301"},"modified":"2021-06-08T20:00:30","modified_gmt":"2021-06-08T23:00:30","slug":"alexandre-figueiredo-costa-silva-marques-e-o-auditor-responsavel-pelo-estudo-paralelo-do-tcu","status":"publish","type":"post","link":"https:\/\/blogs.correiobraziliense.com.br\/vicente\/alexandre-figueiredo-costa-silva-marques-e-o-auditor-responsavel-pelo-estudo-paralelo-do-tcu\/","title":{"rendered":"Alexandre Figueiredo Costa Silva Marques \u00e9 o auditor respons\u00e1vel pelo &#8220;estudo paralelo&#8221; do TCU"},"content":{"rendered":"<h2>Foi o auditor Alexandre Figueiredo Costa Silva Marques o respons\u00e1vel por elaborar o &#8220;estudo paralelo&#8221; apontando que metade das mortes pela covid-19 no pa\u00eds n\u00e3o ocorreram. Segundo ele, os governadores inflaram o total de \u00f3bitos para obterem mais verbas do governo federal.<\/h2>\n<p>&nbsp;<\/p>\n<p>Procurado pelo <strong>Blog<\/strong>, Alexandre disse que s\u00f3 falaria com autoriza\u00e7\u00e3o da assessoria de imprensa do TCU, que j\u00e1 foi demandada. O auditor \u00e9 amigo dos filhos do presidente Jair Bolsonaro e do presidente do Banco Nacional de Desenvolvimento Econ\u00f4mico e Social (BNDES), Gustavo Montezano. Ele, inclusive, foi indicado para uma diretoria do banco, mas acabou vetado pelo ent\u00e3o presidente da Corte \u00e0 \u00e9poca, ministro Jos\u00e9 M\u00facio Monteiro.<\/p>\n<p>&nbsp;<\/p>\n<figure id=\"attachment_19308\" aria-describedby=\"caption-attachment-19308\" style=\"width: 509px\" class=\"wp-caption alignleft\"><a href=\"https:\/\/blogs.correiobraziliense.com.br\/vicente\/wp-content\/uploads\/sites\/16\/2021\/06\/AlexandreTCU1.jpg\"><img loading=\"lazy\" decoding=\"async\" class=\" wp-image-19308\" src=\"https:\/\/blogs.correiobraziliense.com.br\/vicente\/wp-content\/uploads\/sites\/16\/2021\/06\/AlexandreTCU1-1024x1020.jpg\" alt=\"\" width=\"509\" height=\"507\" srcset=\"https:\/\/blogs.correiobraziliense.com.br\/vicente\/wp-content\/uploads\/sites\/16\/2021\/06\/AlexandreTCU1-1024x1020.jpg 1024w, https:\/\/blogs.correiobraziliense.com.br\/vicente\/wp-content\/uploads\/sites\/16\/2021\/06\/AlexandreTCU1-150x150.jpg 150w, https:\/\/blogs.correiobraziliense.com.br\/vicente\/wp-content\/uploads\/sites\/16\/2021\/06\/AlexandreTCU1-300x300.jpg 300w, https:\/\/blogs.correiobraziliense.com.br\/vicente\/wp-content\/uploads\/sites\/16\/2021\/06\/AlexandreTCU1-768x765.jpg 768w, https:\/\/blogs.correiobraziliense.com.br\/vicente\/wp-content\/uploads\/sites\/16\/2021\/06\/AlexandreTCU1-800x797.jpg 800w, https:\/\/blogs.correiobraziliense.com.br\/vicente\/wp-content\/uploads\/sites\/16\/2021\/06\/AlexandreTCU1-550x548.jpg 550w, https:\/\/blogs.correiobraziliense.com.br\/vicente\/wp-content\/uploads\/sites\/16\/2021\/06\/AlexandreTCU1-230x229.jpg 230w, https:\/\/blogs.correiobraziliense.com.br\/vicente\/wp-content\/uploads\/sites\/16\/2021\/06\/AlexandreTCU1.jpg 1079w\" sizes=\"auto, (max-width: 509px) 100vw, 509px\" \/><\/a><figcaption id=\"caption-attachment-19308\" class=\"wp-caption-text\">Reprodu\u00e7\u00e3o da internet<\/figcaption><\/figure>\n<p>O &#8220;estudo paralelo&#8221; foi citado por Bolsonaro na segunda-feira (07\/06) para desqualificar a pandemia do novo coronav\u00edrus, que j\u00e1 matou quase 500 mil brasileiros. Nesta ter\u00e7a (08\/06), o presidente assumiu que o &#8220;estudo&#8221; n\u00e3o pertence oficialmente ao Tribunal de Contas da Uni\u00e3o.<\/p>\n<p>&nbsp;<\/p>\n<p>Alexandre est\u00e1 lotado na secretaria do TCU que lida com intelig\u00eancia e combate \u00e0 corrup\u00e7\u00e3o. Quando come\u00e7ou a pandemia do novo coronav\u00edrus, ele pediu para acompanhar as compras com dinheiro p\u00fablico de equipamentos para o combate \u00e0 covid.<\/p>\n<p>&nbsp;<\/p>\n<p>A partir dali, o auditor come\u00e7ou a elaborar o &#8220;estudo paralelo&#8221;. Quando apresentou os resultados de sua tese aos colegas de trabalho, foi veemente repreendido, pois ficou claro que ele queria desqualificar os governadores e favorecer o discurso de Bolsonaro. Nenhum outro auditor do TCU endossou o &#8220;estudo&#8221; por consider\u00e1-lo uma farsa.<\/p>\n<p>&nbsp;<\/p>\n<p>Assustados com a insist\u00eancia de Alexandre, os colegas de trabalho comunicaram os ministros da Corte de Contas o que estava acontecendo. Mas o auditor entregou a sua tese aos filhos de Bolsonaro, que a tornou p\u00fablica. O TCU abriu investiga\u00e7\u00e3o para apurar a conduta de Alexandre.<\/p>\n<p>&nbsp;<\/p>\n<p>Quem acompanha as redes sociais de Alexandre pode verificar que ele costuma compartilhar fake news, como os benef\u00edcios do uso de ivermectina no combate \u00e0 covid, e incitar ataques a governadores, justamente a quem ele quer prejudicar com seu &#8220;estudo paralelo&#8221;.<\/p>\n<p>&nbsp;<\/p>\n<figure id=\"attachment_19309\" aria-describedby=\"caption-attachment-19309\" style=\"width: 763px\" class=\"wp-caption alignnone\"><a href=\"https:\/\/blogs.correiobraziliense.com.br\/vicente\/wp-content\/uploads\/sites\/16\/2021\/06\/AlexandreTCU2.jpg\"><img loading=\"lazy\" decoding=\"async\" class=\" wp-image-19309\" src=\"https:\/\/blogs.correiobraziliense.com.br\/vicente\/wp-content\/uploads\/sites\/16\/2021\/06\/AlexandreTCU2-908x1024.jpg\" alt=\"\" width=\"763\" height=\"860\" srcset=\"https:\/\/blogs.correiobraziliense.com.br\/vicente\/wp-content\/uploads\/sites\/16\/2021\/06\/AlexandreTCU2-908x1024.jpg 908w, https:\/\/blogs.correiobraziliense.com.br\/vicente\/wp-content\/uploads\/sites\/16\/2021\/06\/AlexandreTCU2-266x300.jpg 266w, https:\/\/blogs.correiobraziliense.com.br\/vicente\/wp-content\/uploads\/sites\/16\/2021\/06\/AlexandreTCU2-768x866.jpg 768w, https:\/\/blogs.correiobraziliense.com.br\/vicente\/wp-content\/uploads\/sites\/16\/2021\/06\/AlexandreTCU2-800x902.jpg 800w, https:\/\/blogs.correiobraziliense.com.br\/vicente\/wp-content\/uploads\/sites\/16\/2021\/06\/AlexandreTCU2-550x620.jpg 550w, https:\/\/blogs.correiobraziliense.com.br\/vicente\/wp-content\/uploads\/sites\/16\/2021\/06\/AlexandreTCU2-230x259.jpg 230w, https:\/\/blogs.correiobraziliense.com.br\/vicente\/wp-content\/uploads\/sites\/16\/2021\/06\/AlexandreTCU2.jpg 1079w\" sizes=\"auto, (max-width: 763px) 100vw, 763px\" \/><\/a><figcaption id=\"caption-attachment-19309\" class=\"wp-caption-text\">Reprodu\u00e7\u00e3o da internet<\/figcaption><\/figure>\n<p>&nbsp;<\/p>\n<p><em>Bras\u00edlia, 15h54min<\/em><\/p>\n","protected":false},"excerpt":{"rendered":"<p>Foi o auditor Alexandre Figueiredo Costa Silva Marques o respons\u00e1vel por elaborar o &#8220;estudo paralelo&#8221; apontando que metade das mortes pela covid-19 no pa\u00eds n\u00e3o ocorreram. Segundo ele, os governadores inflaram o total de \u00f3bitos para obterem mais verbas do governo federal. &nbsp; Procurado pelo Blog, Alexandre disse que s\u00f3 falaria com autoriza\u00e7\u00e3o da assessoria [&hellip;]<\/p>\n","protected":false},"author":22,"featured_media":19302,"comment_status":"open","ping_status":"closed","sticky":false,"template":"","format":"standard","meta":{"footnotes":""},"categories":[600],"tags":[5535,926,2526,2787],"class_list":["post-19301","post","type-post","status-publish","format-standard","has-post-thumbnail","hentry","category-economia","tag-alexandre-figueiredo-costa-silva-marques-e-o-auditor-responsavel-pelo-estudo-paralelo-do-tcu","tag-brasilia","tag-poder","tag-politica"],"_links":{"self":[{"href":"https:\/\/blogs.correiobraziliense.com.br\/vicente\/wp-json\/wp\/v2\/posts\/19301","targetHints":{"allow":["GET"]}}],"collection":[{"href":"https:\/\/blogs.correiobraziliense.com.br\/vicente\/wp-json\/wp\/v2\/posts"}],"about":[{"href":"https:\/\/blogs.correiobraziliense.com.br\/vicente\/wp-json\/wp\/v2\/types\/post"}],"author":[{"embeddable":true,"href":"https:\/\/blogs.correiobraziliense.com.br\/vicente\/wp-json\/wp\/v2\/users\/22"}],"replies":[{"embeddable":true,"href":"https:\/\/blogs.correiobraziliense.com.br\/vicente\/wp-json\/wp\/v2\/comments?post=19301"}],"version-history":[{"count":8,"href":"https:\/\/blogs.correiobraziliense.com.br\/vicente\/wp-json\/wp\/v2\/posts\/19301\/revisions"}],"predecessor-version":[{"id":19319,"href":"https:\/\/blogs.correiobraziliense.com.br\/vicente\/wp-json\/wp\/v2\/posts\/19301\/revisions\/19319"}],"wp:featuredmedia":[{"embeddable":true,"href":"https:\/\/blogs.correiobraziliense.com.br\/vicente\/wp-json\/wp\/v2\/media\/19302"}],"wp:attachment":[{"href":"https:\/\/blogs.correiobraziliense.com.br\/vicente\/wp-json\/wp\/v2\/media?parent=19301"}],"wp:term":[{"taxonomy":"category","embeddable":true,"href":"https:\/\/blogs.correiobraziliense.com.br\/vicente\/wp-json\/wp\/v2\/categories?post=19301"},{"taxonomy":"post_tag","embeddable":true,"href":"https:\/\/blogs.correiobraziliense.com.br\/vicente\/wp-json\/wp\/v2\/tags?post=19301"}],"curies":[{"name":"wp","href":"https:\/\/api.w.org\/{rel}","templated":true}]}}