{"id":19282,"date":"2021-06-06T17:31:09","date_gmt":"2021-06-06T20:31:09","guid":{"rendered":"https:\/\/blogs.correiobraziliense.com.br\/vicente\/?p=19282"},"modified":"2021-06-06T18:00:56","modified_gmt":"2021-06-06T21:00:56","slug":"planalto-ve-com-apreensao-o-afastamento-de-rogerio-caboclo-do-comando-da-cbf","status":"publish","type":"post","link":"https:\/\/blogs.correiobraziliense.com.br\/vicente\/planalto-ve-com-apreensao-o-afastamento-de-rogerio-caboclo-do-comando-da-cbf\/","title":{"rendered":"Planalto v\u00ea com apreens\u00e3o o afastamento de Rog\u00e9rio Caboclo do comando da CBF"},"content":{"rendered":"<h2>O Pal\u00e1cio do Planalto j\u00e1 foi avisado e o\u00a0 sinal de alerta, disparado. Se j\u00e1 havia apreens\u00e3o em rela\u00e7\u00e3o \u00e0 realiza\u00e7\u00e3o da Copa Am\u00e9rica no Brasil, o temor de que a competi\u00e7\u00e3o seja suspensa aumentou muito com a decis\u00e3o do Conselho de \u00c9tica da Confedera\u00e7\u00e3o Brasileira de Futebol (CBF) de afastar Rog\u00e9rio Caboclo da presid\u00eancia da entidade por 30 dias.<\/h2>\n<p>&nbsp;<\/p>\n<p>Caboclo \u00e9 acusado de ass\u00e9dio sexual e moral por uma funcion\u00e1ria da CBF. Ele \u00e9 o principal fiador junto a Bolsonaro para a realiza\u00e7\u00e3o da Copa Am\u00e9rica no Brasil. O agora presidente afastado da CBF fechou pessoalmente com Bolsonaro a realiza\u00e7\u00e3o do torneio no pa\u00eds, mesmo com a gravidade da pandemia do novo coronav\u00edrus.<\/p>\n<p>&nbsp;<\/p>\n<p>Durante o per\u00edodo de afastamento de Caboclo, o vice Ant\u00f4nio Carlos Nunes responder\u00e1 interinamente pela CBF. A grande indaga\u00e7\u00e3o dentro do Planalto \u00e9 se ele manter\u00e1 o acordo fechado entre Caboclo e Bolsonaro, uma vez que jogadores e a comiss\u00e3o t\u00e9cnica da Sele\u00e7\u00e3o comandada por Tite se recusam a jogar a Copa Am\u00e9rica.<\/p>\n<p>&nbsp;<\/p>\n<p>O afastamento de Caboclo era esperado e cobrado por v\u00e1rios integrantes da CBF. As acusa\u00e7\u00f5es contra o dirigente da entidade eram um dos motivos apontados pelos jogadores da Sele\u00e7\u00e3o para n\u00e3o competirem pela Copa Am\u00e9rica. Eles se sentiram desprestigiado por Caboclo, que acertou tudo com Bolsonaro sem consult\u00e1-los, al\u00e9m de proibi-los de dar entrevistas depois dos jogos das eliminat\u00f3rias da Copa do Mundo.<\/p>\n<p>&nbsp;<\/p>\n<p>A tens\u00e3o tamb\u00e9m \u00e9 grande na Granja Comari, onde a Sele\u00e7\u00e3o est\u00e1 hospedada. Os jogadores foram comunicados do afastamento de Caboclo do comando da CBF, fato que foi comemorado, mas o pensamento ainda dominante \u00e9 de que o Brasil n\u00e3o deve participar da Copa Am\u00e9rica devido \u00e0 situa\u00e7\u00e3o sanit\u00e1ria do pa\u00eds.<\/p>\n<p>&nbsp;<\/p>\n<p><em>Bras\u00edlia, 17h31min<\/em><\/p>\n","protected":false},"excerpt":{"rendered":"<p>O Pal\u00e1cio do Planalto j\u00e1 foi avisado e o\u00a0 sinal de alerta, disparado. Se j\u00e1 havia apreens\u00e3o em rela\u00e7\u00e3o \u00e0 realiza\u00e7\u00e3o da Copa Am\u00e9rica no Brasil, o temor de que a competi\u00e7\u00e3o seja suspensa aumentou muito com a decis\u00e3o do Conselho de \u00c9tica da Confedera\u00e7\u00e3o Brasileira de Futebol (CBF) de afastar Rog\u00e9rio Caboclo da presid\u00eancia [&hellip;]<\/p>\n","protected":false},"author":22,"featured_media":15447,"comment_status":"open","ping_status":"closed","sticky":false,"template":"","format":"standard","meta":{"footnotes":""},"categories":[600],"tags":[926,5524,5532,2526],"class_list":["post-19282","post","type-post","status-publish","format-standard","has-post-thumbnail","hentry","category-economia","tag-brasilia","tag-esportes","tag-planalto-ve-com-apreensao-o-afastamento-de-rogerio-caboclo-do-comando-da-cbf","tag-poder"],"_links":{"self":[{"href":"https:\/\/blogs.correiobraziliense.com.br\/vicente\/wp-json\/wp\/v2\/posts\/19282","targetHints":{"allow":["GET"]}}],"collection":[{"href":"https:\/\/blogs.correiobraziliense.com.br\/vicente\/wp-json\/wp\/v2\/posts"}],"about":[{"href":"https:\/\/blogs.correiobraziliense.com.br\/vicente\/wp-json\/wp\/v2\/types\/post"}],"author":[{"embeddable":true,"href":"https:\/\/blogs.correiobraziliense.com.br\/vicente\/wp-json\/wp\/v2\/users\/22"}],"replies":[{"embeddable":true,"href":"https:\/\/blogs.correiobraziliense.com.br\/vicente\/wp-json\/wp\/v2\/comments?post=19282"}],"version-history":[{"count":1,"href":"https:\/\/blogs.correiobraziliense.com.br\/vicente\/wp-json\/wp\/v2\/posts\/19282\/revisions"}],"predecessor-version":[{"id":19283,"href":"https:\/\/blogs.correiobraziliense.com.br\/vicente\/wp-json\/wp\/v2\/posts\/19282\/revisions\/19283"}],"wp:featuredmedia":[{"embeddable":true,"href":"https:\/\/blogs.correiobraziliense.com.br\/vicente\/wp-json\/wp\/v2\/media\/15447"}],"wp:attachment":[{"href":"https:\/\/blogs.correiobraziliense.com.br\/vicente\/wp-json\/wp\/v2\/media?parent=19282"}],"wp:term":[{"taxonomy":"category","embeddable":true,"href":"https:\/\/blogs.correiobraziliense.com.br\/vicente\/wp-json\/wp\/v2\/categories?post=19282"},{"taxonomy":"post_tag","embeddable":true,"href":"https:\/\/blogs.correiobraziliense.com.br\/vicente\/wp-json\/wp\/v2\/tags?post=19282"}],"curies":[{"name":"wp","href":"https:\/\/api.w.org\/{rel}","templated":true}]}}