{"id":19269,"date":"2021-06-05T18:01:10","date_gmt":"2021-06-05T21:01:10","guid":{"rendered":"https:\/\/blogs.correiobraziliense.com.br\/vicente\/?p=19269"},"modified":"2021-06-05T19:09:50","modified_gmt":"2021-06-05T22:09:50","slug":"banco-do-brasil-ja-gastou-r-700-mil-em-disputa-judicial-com-tcu-e-cgu","status":"publish","type":"post","link":"https:\/\/blogs.correiobraziliense.com.br\/vicente\/banco-do-brasil-ja-gastou-r-700-mil-em-disputa-judicial-com-tcu-e-cgu\/","title":{"rendered":"Banco do Brasil j\u00e1 gastou R$ 700 mil em disputa judicial com TCU e CGU"},"content":{"rendered":"<h2>O Banco do Brasil tem em seu quadro de funcion\u00e1rios quase 500 advogados. Mesmo assim, <a href=\"https:\/\/fornecedor.bb.com.br\/#!\/contratos-formalizacao\/listar\/externo?pk_vid=b610799cd1b09ce116228586112fb796\">contratou o escrit\u00f3rio do ex-ministro do Supremo Tribunal Federal (STF) Ayres Britto para defend\u00ea-lo<\/a> em disputas judiciais que envolvem a demiss\u00e3o de um grupo de auditores.<\/h2>\n<p>&nbsp;<\/p>\n<p>Para guerrear na Justi\u00e7a com o Tribunal de Contas da Uni\u00e3o (TCU) e a Controladoria-Geral da Uni\u00e3o (CGU), j\u00e1 gastou R$ 700 mil, sendo, mais recentemente, R$ 300 mil para obter um mandado de seguran\u00e7a contra a CGU, que alega irregularidades na forma como o BB agiu contra os auditores.<\/p>\n<p>&nbsp;<\/p>\n<p>&nbsp;<\/p>\n<p>Tudo foi feito com o aval da diretora Jur\u00eddica do Banco do Brasil,\u00a0Lucin\u00e9ia Possar. Os contratos foram fechados nas gest\u00f5es de Rubem Novaes e de Andr\u00e9 Brand\u00e3o, com o aval do ent\u00e3o presidente do Conselho de Administra\u00e7\u00e3o do Banco do Brasil, H\u00e9lio Magalh\u00e3es.<\/p>\n<p>&nbsp;<\/p>\n<p>Portanto, a fatura est\u00e1 sendo apresentada, agora, ao novo presidente do BB, Fausto Ribeiro, que est\u00e1 tomando ci\u00eancia do pol\u00eamico caso que resultou na demiss\u00e3o por justa causa de dois auditores da institui\u00e7\u00e3o, na perda de fun\u00e7\u00f5es de seis outros profissionais e na suspens\u00e3o tempor\u00e1ria de uma.<\/p>\n<p>&nbsp;<\/p>\n<p>Fausto Ribeiro, por sinal, ouvir\u00e1, nos pr\u00f3ximos dias, os auditores que s\u00e3o acusados de favorecerem colegas em um programa de demiss\u00e3o volunt\u00e1ria (PDV). Eles negam. Por determina\u00e7\u00e3o da Justi\u00e7a, o auditor-chefe, Aureli\u00a0Balestrini, demitido por justa causa, foi reincorporado ao banco. Seu sub, Alexander Alves Pires, ainda briga nos tribunais pelo mesmo direito.<\/p>\n<p>&nbsp;<\/p>\n<p>O Banco do Brasil alega que os auditores lhe provocaram perdas de aproximadamente R$ 2 milh\u00f5es no PDV. Como o caso vem se arrastando desde agosto de 2020, com um vaiv\u00e9m intenso na Justi\u00e7a, os gastos da institui\u00e7\u00e3o para fazer valer sua posi\u00e7\u00e3o j\u00e1 pode ter superado essa cifra.<\/p>\n<p>&nbsp;<\/p>\n<p><em>Bras\u00edlia, 18h01min<\/em><\/p>\n","protected":false},"excerpt":{"rendered":"<p>O Banco do Brasil tem em seu quadro de funcion\u00e1rios quase 500 advogados. Mesmo assim, contratou o escrit\u00f3rio do ex-ministro do Supremo Tribunal Federal (STF) Ayres Britto para defend\u00ea-lo em disputas judiciais que envolvem a demiss\u00e3o de um grupo de auditores. &nbsp; Para guerrear na Justi\u00e7a com o Tribunal de Contas da Uni\u00e3o (TCU) e [&hellip;]<\/p>\n","protected":false},"author":22,"featured_media":10404,"comment_status":"open","ping_status":"closed","sticky":false,"template":"","format":"standard","meta":{"footnotes":""},"categories":[600],"tags":[5528,589,4943,4547],"class_list":["post-19269","post","type-post","status-publish","format-standard","has-post-thumbnail","hentry","category-economia","tag-banco-do-brasil-ja-gastou-r-700-mil-em-disputa-judicial-com-tcu-e-cgu","tag-economia","tag-financas","tag-negocios"],"_links":{"self":[{"href":"https:\/\/blogs.correiobraziliense.com.br\/vicente\/wp-json\/wp\/v2\/posts\/19269","targetHints":{"allow":["GET"]}}],"collection":[{"href":"https:\/\/blogs.correiobraziliense.com.br\/vicente\/wp-json\/wp\/v2\/posts"}],"about":[{"href":"https:\/\/blogs.correiobraziliense.com.br\/vicente\/wp-json\/wp\/v2\/types\/post"}],"author":[{"embeddable":true,"href":"https:\/\/blogs.correiobraziliense.com.br\/vicente\/wp-json\/wp\/v2\/users\/22"}],"replies":[{"embeddable":true,"href":"https:\/\/blogs.correiobraziliense.com.br\/vicente\/wp-json\/wp\/v2\/comments?post=19269"}],"version-history":[{"count":7,"href":"https:\/\/blogs.correiobraziliense.com.br\/vicente\/wp-json\/wp\/v2\/posts\/19269\/revisions"}],"predecessor-version":[{"id":19276,"href":"https:\/\/blogs.correiobraziliense.com.br\/vicente\/wp-json\/wp\/v2\/posts\/19269\/revisions\/19276"}],"wp:featuredmedia":[{"embeddable":true,"href":"https:\/\/blogs.correiobraziliense.com.br\/vicente\/wp-json\/wp\/v2\/media\/10404"}],"wp:attachment":[{"href":"https:\/\/blogs.correiobraziliense.com.br\/vicente\/wp-json\/wp\/v2\/media?parent=19269"}],"wp:term":[{"taxonomy":"category","embeddable":true,"href":"https:\/\/blogs.correiobraziliense.com.br\/vicente\/wp-json\/wp\/v2\/categories?post=19269"},{"taxonomy":"post_tag","embeddable":true,"href":"https:\/\/blogs.correiobraziliense.com.br\/vicente\/wp-json\/wp\/v2\/tags?post=19269"}],"curies":[{"name":"wp","href":"https:\/\/api.w.org\/{rel}","templated":true}]}}