{"id":19266,"date":"2021-06-05T16:01:14","date_gmt":"2021-06-05T19:01:14","guid":{"rendered":"https:\/\/blogs.correiobraziliense.com.br\/vicente\/?p=19266"},"modified":"2021-06-05T16:30:32","modified_gmt":"2021-06-05T19:30:32","slug":"jogadores-da-selecao-nao-podem-desafiar-o-presidente-diz-integrante-do-planalto","status":"publish","type":"post","link":"https:\/\/blogs.correiobraziliense.com.br\/vicente\/jogadores-da-selecao-nao-podem-desafiar-o-presidente-diz-integrante-do-planalto\/","title":{"rendered":"&#8220;Jogadores da Sele\u00e7\u00e3o n\u00e3o podem desafiar o presidente&#8221;, diz integrante do Planalto"},"content":{"rendered":"<h2>Um dos mais pr\u00f3ximos assessores do presidente Jair Bolsonaro n\u00e3o esconde a indigna\u00e7\u00e3o ante a possibilidade de os jogadores da Sele\u00e7\u00e3o Brasileira boicotarem a Copa Am\u00e9rica. &#8220;Os jogadores da Sele\u00e7\u00e3o n\u00e3o podem desafiar o presidente&#8221;, diz, mesmo ciente de que os atletas nada devem ao governo e a Copa Am\u00e9rica \u00e9 um evento privado.<\/h2>\n<p>&nbsp;<\/p>\n<p>No entender desse assessor, Bolsonaro, ao aceitar que o Brasil sediasse a Copa Am\u00e9rica, cujos jogos come\u00e7am em 13 de junho, quis dar uma forte &#8220;demonstra\u00e7\u00e3o de seu compromisso com o pais&#8221;, diante da import\u00e2ncia da competi\u00e7\u00e3o e do impacto econ\u00f4mico que ela vai proporcionar, mesmo em meio \u00e0 pandemia do novo coronav\u00edrus.<\/p>\n<p>&nbsp;<\/p>\n<p>Nunca uma Sele\u00e7\u00e3o Brasileira se recusou a participar de qualquer torneio. O Pal\u00e1cio do Planalto admite que, caso se confirme o que est\u00e1 sendo ventilado nos bastidores da equipe t\u00e9cnica, o boicote \u00e0 Copa Am\u00e9rica ser\u00e1 uma desmoraliza\u00e7\u00e3o para Bolsonaro. <a href=\"https:\/\/blogs.correiobraziliense.com.br\/vicente\/planalto-corre-para-evitar-vexame-de-bolsonaro-caso-selecao-diga-nao-a-copa-america\/\">Assessores do presidente correm para evitar o vexame<\/a>.<\/p>\n<p>&nbsp;<\/p>\n<p>Tanto os jogadores quanto a equipe t\u00e9cnica n\u00e3o gostaram da forma como foi feita a negocia\u00e7\u00e3o entre o governo e a CBF para que a Copa Am\u00e9rica fosse realizada no Brasil. E ressaltam que o momento \u00e9 muito delicado no pa\u00eds, com a pandemia matando, em m\u00e9dia, quase duas mil pessoas por dia.<\/p>\n<p>&nbsp;<\/p>\n<p><em>Bras\u00edlia, 16h01min<\/em><\/p>\n","protected":false},"excerpt":{"rendered":"<p>Um dos mais pr\u00f3ximos assessores do presidente Jair Bolsonaro n\u00e3o esconde a indigna\u00e7\u00e3o ante a possibilidade de os jogadores da Sele\u00e7\u00e3o Brasileira boicotarem a Copa Am\u00e9rica. &#8220;Os jogadores da Sele\u00e7\u00e3o n\u00e3o podem desafiar o presidente&#8221;, diz, mesmo ciente de que os atletas nada devem ao governo e a Copa Am\u00e9rica \u00e9 um evento privado. &nbsp; [&hellip;]<\/p>\n","protected":false},"author":22,"featured_media":19267,"comment_status":"open","ping_status":"closed","sticky":false,"template":"","format":"standard","meta":{"footnotes":""},"categories":[600],"tags":[5526,5527,5524,2526,2787],"class_list":["post-19266","post","type-post","status-publish","format-standard","has-post-thumbnail","hentry","category-economia","tag-jogadores-da-selecao-nao-podem-desafiar-o-presidente","tag-diz-integrante-do-planalto","tag-esportes","tag-poder","tag-politica"],"_links":{"self":[{"href":"https:\/\/blogs.correiobraziliense.com.br\/vicente\/wp-json\/wp\/v2\/posts\/19266","targetHints":{"allow":["GET"]}}],"collection":[{"href":"https:\/\/blogs.correiobraziliense.com.br\/vicente\/wp-json\/wp\/v2\/posts"}],"about":[{"href":"https:\/\/blogs.correiobraziliense.com.br\/vicente\/wp-json\/wp\/v2\/types\/post"}],"author":[{"embeddable":true,"href":"https:\/\/blogs.correiobraziliense.com.br\/vicente\/wp-json\/wp\/v2\/users\/22"}],"replies":[{"embeddable":true,"href":"https:\/\/blogs.correiobraziliense.com.br\/vicente\/wp-json\/wp\/v2\/comments?post=19266"}],"version-history":[{"count":1,"href":"https:\/\/blogs.correiobraziliense.com.br\/vicente\/wp-json\/wp\/v2\/posts\/19266\/revisions"}],"predecessor-version":[{"id":19268,"href":"https:\/\/blogs.correiobraziliense.com.br\/vicente\/wp-json\/wp\/v2\/posts\/19266\/revisions\/19268"}],"wp:featuredmedia":[{"embeddable":true,"href":"https:\/\/blogs.correiobraziliense.com.br\/vicente\/wp-json\/wp\/v2\/media\/19267"}],"wp:attachment":[{"href":"https:\/\/blogs.correiobraziliense.com.br\/vicente\/wp-json\/wp\/v2\/media?parent=19266"}],"wp:term":[{"taxonomy":"category","embeddable":true,"href":"https:\/\/blogs.correiobraziliense.com.br\/vicente\/wp-json\/wp\/v2\/categories?post=19266"},{"taxonomy":"post_tag","embeddable":true,"href":"https:\/\/blogs.correiobraziliense.com.br\/vicente\/wp-json\/wp\/v2\/tags?post=19266"}],"curies":[{"name":"wp","href":"https:\/\/api.w.org\/{rel}","templated":true}]}}