{"id":19254,"date":"2021-06-04T10:29:20","date_gmt":"2021-06-04T13:29:20","guid":{"rendered":"https:\/\/blogs.correiobraziliense.com.br\/vicente\/?p=19254"},"modified":"2021-06-04T11:56:12","modified_gmt":"2021-06-04T14:56:12","slug":"greenpeace-faz-alerta-para-novo-recorde-de-desmatamento-na-amazonia","status":"publish","type":"post","link":"https:\/\/blogs.correiobraziliense.com.br\/vicente\/greenpeace-faz-alerta-para-novo-recorde-de-desmatamento-na-amazonia\/","title":{"rendered":"Greenpeace faz alerta para novo recorde de desmatamento na Amaz\u00f4nia"},"content":{"rendered":"<h2>ROSANA HESSEL<\/h2>\n<h2><\/h2>\n<h2>Com base nos dados de maio do sistema Deter, do Instituto de Pesquisas Espaciais (Inpe), o Greenpeace fez um alerta de que, at\u00e9 o dia 28, houve aumento de 41%\u00a0 nos alertas de desmatamento da Amaz\u00f4nia, registrando o pior maio da s\u00e9rie hist\u00f3rica do Deter-B, iniciada em 2015, antes mesmo do encerramento do m\u00eas. Nesse per\u00edodo, a \u00e1rea desmatada somou 1.180 km2, o maior volume mensal.<\/h2>\n<p>&nbsp;<\/p>\n<p>No acumulado do ano, o aumento da \u00e1rea desmatada somou 2.337 km, dado 14,6% superior ao registrado no mesmo per\u00edodo de 2020, apesar do grande volume de chuvas na regi\u00e3o Norte, o que deveria desacelerar o desmatamento, destacou a entidade.<\/p>\n<p>&nbsp;<\/p>\n<p>\u201cAp\u00f3s a divulga\u00e7\u00e3o do n\u00famero recorde de queimadas na Amaz\u00f4nia e Cerrado em maio, os alertas de desmatamento refor\u00e7am ainda mais o quanto uma das maiores reservas de biodiversidade no planeta est\u00e1 sendo colocada em risco dia ap\u00f3s dia. Al\u00e9m de um presidente e um ministro do meio ambiente atuando contra a prote\u00e7\u00e3o ambiental, o Congresso tem contribu\u00eddo com essa pol\u00edtica de destrui\u00e7\u00e3o, enfraquecendo deliberadamente as leis que protegem a floresta e seus povos. O resultado de maio n\u00e3o poderia ser diferente j\u00e1 que os retrocessos na governan\u00e7a ambiental s\u00f3 aumentam\u201d, comentou R\u00f4mulo Batista, porta-voz da campanha de Amaz\u00f4nia do Greenpeace, em nota divulgada nesta sexta-feira (04\/06).<\/p>\n<p>&nbsp;<\/p>\n<p>A entidade ainda critica o o ministro do Meio Ambiente, Ricardo Salles, por fechar &#8220;os olhos para o controle do desmatamento, que segue a passos largos, inclusive em terras p\u00fablicas&#8221;, e cita as den\u00fancias de corrup\u00e7\u00e3o e investiga\u00e7\u00f5es e inqu\u00e9ritos da Pol\u00edcia Federal o envolvimento de Salles no com\u00e9rcio internacional de madeiras.<\/p>\n<p>&nbsp;<\/p>\n<p>O pa\u00eds j\u00e1 se tornou p\u00e1ria global na \u00e1rea ambiental e tem sofrido amea\u00e7as de boicote de grandes empresas europeias caso o Congresso aprove os projetos que regularizam a grilagem.<\/p>\n<p>&nbsp;<\/p>\n<p>Na avalia\u00e7\u00e3o do Greenpeace, os projetos de lei 2633\/2020 e 510\/2021, que tentam regularizar a grilagem, dando anistia a grileiros pioram esse quadro de desmatamento recorde na Amaz\u00f4nia, uma vez que &#8220;cerca de \u2153 (um ter\u00e7o) da derrubada de \u00e1rvores naquela regi\u00e3o \u00e9 ocasionado por grilagem&#8221;. O pa\u00eds, inclusive, <a href=\"https:\/\/blogs.correiobraziliense.com.br\/vicente\/europeus-ameacam-boicote-as-commodities-brasileiras-caso-pl-da-grilagem-seja-aprovado\/\">tem sofrido amea\u00e7as de boicote de grandes importadores de commodities brasileira da Europa se o Congresso aprovar esses projetos que regularizam a grilagem.<\/a><\/p>\n<p>&nbsp;<\/p>\n<p>&nbsp;<\/p>\n<p>De acordo com dados do Inpe, o projeto Deter-B surgiu a partir da altera\u00e7\u00e3o do padr\u00e3o de \u00e1reas desmatadas na Amaz\u00f4nia.\u00a0Desenvolvido no Centro Regional da Amaz\u00f4nia, o programa veio preencher a demanda para detectar o padr\u00e3o de desmatamento que n\u00e3o \u00e9 captado pelo Deter-A.<\/p>\n<p>&nbsp;<\/p>\n<p>Vale lembrar que, <a href=\"https:\/\/www.correiobraziliense.com.br\/app\/noticia\/politica\/2019\/08\/04\/interna_politica,784914\/bolsonaro-confirma-que-solicitou-exoneracao-de-diretor-do-inpe.shtml\">em 2019, logo no in\u00edcio do governo Jair Bolsonaro (sem partido), quando o Inpe apontava os primeiros dados de aumento expressivo no desmatamento, o chefe do Executivo resolveu demitir o ent\u00e3o diretor do instituto<\/a>.<\/p>\n<p>&nbsp;<\/p>\n<p>A revista brit\u00e2nica The Economist, chegou a dar uma capa naquele ano sobre o desmatamento na Amaz\u00f4nia. E, a edi\u00e7\u00e3o desta semana da publica\u00e7\u00e3o, inclusive, <a href=\"https:\/\/www.correiobraziliense.com.br\/politica\/2021\/06\/4928750-com-cristo-no-oxigenio-economist-diz-que-brasil-precisa-tirar-bolsonaro-em-2022-para-sair-de-crises.html\">critica os erros do governo e ainda alerta que ser\u00e1 muito dificil uma mudan\u00e7a no cen\u00e1rio atual, representado com o Cristo com bal\u00e3o de oxig\u00eanio, se Bolsonaro for reeleito.<\/a><\/p>\n<p>&nbsp;<\/p>\n","protected":false},"excerpt":{"rendered":"<p>ROSANA HESSEL Com base nos dados de maio do sistema Deter, do Instituto de Pesquisas Espaciais (Inpe), o Greenpeace fez um alerta de que, at\u00e9 o dia 28, houve aumento de 41%\u00a0 nos alertas de desmatamento da Amaz\u00f4nia, registrando o pior maio da s\u00e9rie hist\u00f3rica do Deter-B, iniciada em 2015, antes mesmo do encerramento do [&hellip;]<\/p>\n","protected":false},"author":22,"featured_media":19259,"comment_status":"open","ping_status":"closed","sticky":false,"template":"","format":"standard","meta":{"footnotes":""},"categories":[600],"tags":[2636,5366,5520,5365,5367,5521,5522],"class_list":["post-19254","post","type-post","status-publish","format-standard","has-post-thumbnail","hentry","category-economia","tag-amazonia","tag-desmatamento","tag-deter","tag-greenpeace","tag-inpe","tag-novo-recorde","tag-pior-maio-da-historia"],"_links":{"self":[{"href":"https:\/\/blogs.correiobraziliense.com.br\/vicente\/wp-json\/wp\/v2\/posts\/19254","targetHints":{"allow":["GET"]}}],"collection":[{"href":"https:\/\/blogs.correiobraziliense.com.br\/vicente\/wp-json\/wp\/v2\/posts"}],"about":[{"href":"https:\/\/blogs.correiobraziliense.com.br\/vicente\/wp-json\/wp\/v2\/types\/post"}],"author":[{"embeddable":true,"href":"https:\/\/blogs.correiobraziliense.com.br\/vicente\/wp-json\/wp\/v2\/users\/22"}],"replies":[{"embeddable":true,"href":"https:\/\/blogs.correiobraziliense.com.br\/vicente\/wp-json\/wp\/v2\/comments?post=19254"}],"version-history":[{"count":2,"href":"https:\/\/blogs.correiobraziliense.com.br\/vicente\/wp-json\/wp\/v2\/posts\/19254\/revisions"}],"predecessor-version":[{"id":19256,"href":"https:\/\/blogs.correiobraziliense.com.br\/vicente\/wp-json\/wp\/v2\/posts\/19254\/revisions\/19256"}],"wp:featuredmedia":[{"embeddable":true,"href":"https:\/\/blogs.correiobraziliense.com.br\/vicente\/wp-json\/wp\/v2\/media\/19259"}],"wp:attachment":[{"href":"https:\/\/blogs.correiobraziliense.com.br\/vicente\/wp-json\/wp\/v2\/media?parent=19254"}],"wp:term":[{"taxonomy":"category","embeddable":true,"href":"https:\/\/blogs.correiobraziliense.com.br\/vicente\/wp-json\/wp\/v2\/categories?post=19254"},{"taxonomy":"post_tag","embeddable":true,"href":"https:\/\/blogs.correiobraziliense.com.br\/vicente\/wp-json\/wp\/v2\/tags?post=19254"}],"curies":[{"name":"wp","href":"https:\/\/api.w.org\/{rel}","templated":true}]}}