{"id":19249,"date":"2021-06-03T21:01:39","date_gmt":"2021-06-04T00:01:39","guid":{"rendered":"https:\/\/blogs.correiobraziliense.com.br\/vicente\/?p=19249"},"modified":"2021-06-03T22:35:24","modified_gmt":"2021-06-04T01:35:24","slug":"decisao-judicial-abre-guerra-entre-o-banco-do-brasil-e-a-cgu","status":"publish","type":"post","link":"https:\/\/blogs.correiobraziliense.com.br\/vicente\/decisao-judicial-abre-guerra-entre-o-banco-do-brasil-e-a-cgu\/","title":{"rendered":"Decis\u00e3o judicial abre guerra entre o Banco do Brasil e a CGU"},"content":{"rendered":"<h2>Uma decis\u00e3o do desembargador Jo\u00e3o Batista Moreira, do Tribunal Regional Federal (TRF) da 1\u00aa Regi\u00e3o, tomada na quarta-feira (02\/06) e \u00e0 qual o <strong>Blog<\/strong> teve acesso, abriu uma guerra pesada entre o Banco do Brasil e a Controladoria-Geral da Uni\u00e3o (CGU).<\/h2>\n<p>&nbsp;<\/p>\n<p>O desembargador anulou o processo em que a CGU, por meio de sua Corregedoria, anulava a demiss\u00e3o de auditores do Banco do Brasil at\u00e9 que todas as investiga\u00e7\u00f5es conduzidas pelo \u00f3rg\u00e3o fossem conclu\u00eddas.<\/p>\n<p>&nbsp;<\/p>\n<p>O magistrado acatou os argumentos do BB de que cabe \u00e0 institui\u00e7\u00e3o e \u00e0 Justi\u00e7a do Trabalho decidirem sobre desligamentos de funcion\u00e1rios. Como empresa de capital misto, com a\u00e7\u00f5es negociadas em Bolsa de Valores e n\u00e3o dependente do Tesouro Nacional, o banco alega que n\u00e3o est\u00e1 sujeito aos controles da CGU.<\/p>\n<p>&nbsp;<\/p>\n<p><strong>Batalha deve parar no Supremo<\/strong><\/p>\n<p>&nbsp;<\/p>\n<p>A guerra judicial entre o Banco do Brasil e a CGU se arrasta h\u00e1 meses e deve ganhar novos cap\u00edtulos no Superior Tribunal de Justi\u00e7a ou mesmo no Supremo Tribunal Federal. A Controladoria-Geral da Uni\u00e3o v\u00ea irregularidades no processo de demiss\u00e3o dos auditores.<\/p>\n<p>&nbsp;<\/p>\n<p>Toda a confus\u00e3o come\u00e7ou em agosto de 2020, quando o\u00a0BB anunciou mudan\u00e7as em sua auditoria interna e demitiu os dois respons\u00e1veis pela \u00e1rea por justa causa, destituiu outros seis da fun\u00e7\u00e3o e uma assessora foi suspensa por alguns dias.<\/p>\n<p>&nbsp;<\/p>\n<p>O primeiro round do Banco do Brasil foi com a Justi\u00e7a do Trabalho, que determinou o retorno ao cargo de\u00a0Aureli Balestrini, ent\u00e3o auditor-chefe da institui\u00e7\u00e3o. O ex-gerente-executivo da \u00e1rea Alexander Alves Pires tamb\u00e9m recorreu \u00e0 Justi\u00e7a do Trabalho, mas n\u00e3o teve sucesso.<\/p>\n<p>&nbsp;<\/p>\n<p>Segundo o BB, os dois auditores teriam facilitado a ades\u00e3o de funcion\u00e1rios da \u00e1rea que comandavam a um programa de demiss\u00e3o volunt\u00e1ria (PDV) com regras mais vantajosas. Tanto Balestrini quanto Pires negam. Dizem que a decis\u00e3o do banco foi arbitr\u00e1ria.<\/p>\n<p>&nbsp;<\/p>\n<p><strong>Disputa pode entrar Planalto adentro<\/strong><\/p>\n<p>&nbsp;<\/p>\n<p>O caso ganhou contornos t\u00e3o grandes, que, al\u00e9m da CGU, tamb\u00e9m o Tribunal de Contas da Uni\u00e3o (TCU) e o Minist\u00e9rio P\u00fablico se posicionaram em favor dos auditores. Mas o Banco do Brasil tem mostrado disposi\u00e7\u00e3o em fazer valer a sua posi\u00e7\u00e3o.<\/p>\n<p>&nbsp;<\/p>\n<p>Quem acompanha o processo de perto espera um embate entre o novo presidente do Banco do Brasil, Fausto Ribeiro, e o controlador-geral da Uni\u00e3o, Wagner do Ros\u00e1rio. O pr\u00f3ximo passo \u00e9 a disputa entre eles entrar Pal\u00e1cio do Planalto adentro.<\/p>\n<p>&nbsp;<\/p>\n<p><em>Bras\u00edlia, 21h01min<\/em><\/p>\n","protected":false},"excerpt":{"rendered":"<p>Uma decis\u00e3o do desembargador Jo\u00e3o Batista Moreira, do Tribunal Regional Federal (TRF) da 1\u00aa Regi\u00e3o, tomada na quarta-feira (02\/06) e \u00e0 qual o Blog teve acesso, abriu uma guerra pesada entre o Banco do Brasil e a Controladoria-Geral da Uni\u00e3o (CGU). &nbsp; O desembargador anulou o processo em que a CGU, por meio de sua [&hellip;]<\/p>\n","protected":false},"author":22,"featured_media":11457,"comment_status":"open","ping_status":"closed","sticky":false,"template":"","format":"standard","meta":{"footnotes":""},"categories":[600],"tags":[5519,589,4943,4547],"class_list":["post-19249","post","type-post","status-publish","format-standard","has-post-thumbnail","hentry","category-economia","tag-decisao-judicial-abre-guerra-entre-o-banco-do-brasil-e-a-cgu","tag-economia","tag-financas","tag-negocios"],"_links":{"self":[{"href":"https:\/\/blogs.correiobraziliense.com.br\/vicente\/wp-json\/wp\/v2\/posts\/19249","targetHints":{"allow":["GET"]}}],"collection":[{"href":"https:\/\/blogs.correiobraziliense.com.br\/vicente\/wp-json\/wp\/v2\/posts"}],"about":[{"href":"https:\/\/blogs.correiobraziliense.com.br\/vicente\/wp-json\/wp\/v2\/types\/post"}],"author":[{"embeddable":true,"href":"https:\/\/blogs.correiobraziliense.com.br\/vicente\/wp-json\/wp\/v2\/users\/22"}],"replies":[{"embeddable":true,"href":"https:\/\/blogs.correiobraziliense.com.br\/vicente\/wp-json\/wp\/v2\/comments?post=19249"}],"version-history":[{"count":2,"href":"https:\/\/blogs.correiobraziliense.com.br\/vicente\/wp-json\/wp\/v2\/posts\/19249\/revisions"}],"predecessor-version":[{"id":19252,"href":"https:\/\/blogs.correiobraziliense.com.br\/vicente\/wp-json\/wp\/v2\/posts\/19249\/revisions\/19252"}],"wp:featuredmedia":[{"embeddable":true,"href":"https:\/\/blogs.correiobraziliense.com.br\/vicente\/wp-json\/wp\/v2\/media\/11457"}],"wp:attachment":[{"href":"https:\/\/blogs.correiobraziliense.com.br\/vicente\/wp-json\/wp\/v2\/media?parent=19249"}],"wp:term":[{"taxonomy":"category","embeddable":true,"href":"https:\/\/blogs.correiobraziliense.com.br\/vicente\/wp-json\/wp\/v2\/categories?post=19249"},{"taxonomy":"post_tag","embeddable":true,"href":"https:\/\/blogs.correiobraziliense.com.br\/vicente\/wp-json\/wp\/v2\/tags?post=19249"}],"curies":[{"name":"wp","href":"https:\/\/api.w.org\/{rel}","templated":true}]}}