{"id":19228,"date":"2021-06-03T16:01:20","date_gmt":"2021-06-03T19:01:20","guid":{"rendered":"https:\/\/blogs.correiobraziliense.com.br\/vicente\/?p=19228"},"modified":"2021-06-03T16:35:33","modified_gmt":"2021-06-03T19:35:33","slug":"exercito-se-desmoraliza-ao-arquivar-processo-contra-pazuello-dizem-especialistas","status":"publish","type":"post","link":"https:\/\/blogs.correiobraziliense.com.br\/vicente\/exercito-se-desmoraliza-ao-arquivar-processo-contra-pazuello-dizem-especialistas\/","title":{"rendered":"Ex\u00e9rcito se desmoraliza ao arquivar processo contra Pazuello, dizem especialistas"},"content":{"rendered":"<h2>Aconteceu o que todo mundo esperava: o Alto Comando do Ex\u00e9rcito arquivou o processo disciplinar contra o general Eduardo Pazuello, que participou de um com\u00edcio pol\u00edtico do presidente Jair Bolsonaro, ferindo o Estatuto Militar.<\/h2>\n<p>&nbsp;<\/p>\n<p>Para especialistas, a decis\u00e3o \u00e9 uma desmoraliza\u00e7\u00e3o do general Paulo S\u00e9rgio de Oliveira, comandante-geral do Ex\u00e9rcito, e da pr\u00f3pria For\u00e7a, pois mostra que prevaleceu a posi\u00e7\u00e3o de Bolsonaro. A partir de agora, est\u00e1 aberta a politicagem dentro dos quart\u00e9is, um caminho para a anarquia. Os comandantes das For\u00e7as Armadas perderam o controle.<\/p>\n<p>&nbsp;<\/p>\n<p>&#8220;O general Paulo S\u00e9rgio jogou por terra todo o esfor\u00e7o que vinha sendo feito pelo antecessor dele, general Edson Pujol, que mantinha a pol\u00edtica fora dos muros dos quart\u00e9is&#8221;, diz um general da reserva, cr\u00edtico do governo. &#8220;Ficou claro que o comandante do Ex\u00e9rcito n\u00e3o teve coragem de se opor a Bolsonaro&#8221;, acrescentou.<\/p>\n<p>&nbsp;<\/p>\n<p>Para outro ex-integrante das For\u00e7as Armadas, a posi\u00e7\u00e3o do Ex\u00e9rcito reflete, tamb\u00e9m, o que pensa o ministro da Defesa, general Braga Netto, totalmente fechado com a reelei\u00e7\u00e3o de Bolsonaro. &#8220;Os militares que est\u00e3o no poder n\u00e3o admitem a possibilidade de perderem os cargos se Bolsonaro n\u00e3o se reeleger em 2022. Ent\u00e3o, faram tudo o que o presidente quiser e lutar\u00e3o para impedir a volta do PT ao poder&#8221;, assinala.<\/p>\n<p>&nbsp;<\/p>\n<p>Um ex-integrante da Marinha admite que o Ex\u00e9rcito fica mais fraco ao se render \u00e0 pol\u00edtica. &#8220;Evidenciou-se uma promiscuidade entre o governo e as For\u00e7as Armadas. Isso \u00e9 muito ruim para o pa\u00eds. As For\u00e7as Armadas s\u00e3o uma institui\u00e7\u00e3o de Estado. Quando o Ex\u00e9rcito deixa de punir um general que transgrediu o Estatuto Militar est\u00e1 abrindo a porta para a anarquia nos quart\u00e9is&#8221;, frisa.<\/p>\n<p>&nbsp;<\/p>\n<p>Veja o que diz a nota do Ex\u00e9rcito:<\/p>\n<p>&nbsp;<\/p>\n<p>&#8220;Acerca da participa\u00e7\u00e3o do General de Divis\u00e3o EDUARDO PAZUELLO em evento realizado na Cidade do Rio de Janeiro, no dia 23 de maio de 2021, o Centro de Comunica\u00e7\u00e3o Social do Ex\u00e9rcito informa que o Comandante do Ex\u00e9rcito analisou e acolheu os argumentos apresentados por escrito e sustentados oralmente pelo referido oficial-general.<\/p>\n<p>Desta forma, n\u00e3o restou caracterizada a pr\u00e1tica de transgress\u00e3o disciplinar por parte do General PAZUELLO.<\/p>\n<p>Em consequ\u00eancia, arquivou-se o procedimento administrativo que havia sido instaurado.&#8221;<\/p>\n<p>&nbsp;<\/p>\n<p><em>Bras\u00edlia, 16h01min<\/em><\/p>\n","protected":false},"excerpt":{"rendered":"<p>Aconteceu o que todo mundo esperava: o Alto Comando do Ex\u00e9rcito arquivou o processo disciplinar contra o general Eduardo Pazuello, que participou de um com\u00edcio pol\u00edtico do presidente Jair Bolsonaro, ferindo o Estatuto Militar. &nbsp; Para especialistas, a decis\u00e3o \u00e9 uma desmoraliza\u00e7\u00e3o do general Paulo S\u00e9rgio de Oliveira, comandante-geral do Ex\u00e9rcito, e da pr\u00f3pria For\u00e7a, [&hellip;]<\/p>\n","protected":false},"author":22,"featured_media":14290,"comment_status":"open","ping_status":"closed","sticky":false,"template":"","format":"standard","meta":{"footnotes":""},"categories":[600],"tags":[926,5020,5513,1592,2526,2787],"class_list":["post-19228","post","type-post","status-publish","format-standard","has-post-thumbnail","hentry","category-economia","tag-brasilia","tag-dizem-especialistas","tag-exercito-se-desmoraliza-ao-arquivar-processo-contra-pazuello","tag-forcas-armadas","tag-poder","tag-politica"],"_links":{"self":[{"href":"https:\/\/blogs.correiobraziliense.com.br\/vicente\/wp-json\/wp\/v2\/posts\/19228","targetHints":{"allow":["GET"]}}],"collection":[{"href":"https:\/\/blogs.correiobraziliense.com.br\/vicente\/wp-json\/wp\/v2\/posts"}],"about":[{"href":"https:\/\/blogs.correiobraziliense.com.br\/vicente\/wp-json\/wp\/v2\/types\/post"}],"author":[{"embeddable":true,"href":"https:\/\/blogs.correiobraziliense.com.br\/vicente\/wp-json\/wp\/v2\/users\/22"}],"replies":[{"embeddable":true,"href":"https:\/\/blogs.correiobraziliense.com.br\/vicente\/wp-json\/wp\/v2\/comments?post=19228"}],"version-history":[{"count":10,"href":"https:\/\/blogs.correiobraziliense.com.br\/vicente\/wp-json\/wp\/v2\/posts\/19228\/revisions"}],"predecessor-version":[{"id":19240,"href":"https:\/\/blogs.correiobraziliense.com.br\/vicente\/wp-json\/wp\/v2\/posts\/19228\/revisions\/19240"}],"wp:featuredmedia":[{"embeddable":true,"href":"https:\/\/blogs.correiobraziliense.com.br\/vicente\/wp-json\/wp\/v2\/media\/14290"}],"wp:attachment":[{"href":"https:\/\/blogs.correiobraziliense.com.br\/vicente\/wp-json\/wp\/v2\/media?parent=19228"}],"wp:term":[{"taxonomy":"category","embeddable":true,"href":"https:\/\/blogs.correiobraziliense.com.br\/vicente\/wp-json\/wp\/v2\/categories?post=19228"},{"taxonomy":"post_tag","embeddable":true,"href":"https:\/\/blogs.correiobraziliense.com.br\/vicente\/wp-json\/wp\/v2\/tags?post=19228"}],"curies":[{"name":"wp","href":"https:\/\/api.w.org\/{rel}","templated":true}]}}