{"id":1922,"date":"2016-07-12T14:30:07","date_gmt":"2016-07-12T17:30:07","guid":{"rendered":"https:\/\/blogs.correiobraziliense.com.br\/vicente\/?p=1922"},"modified":"2016-07-12T15:37:03","modified_gmt":"2016-07-12T18:37:03","slug":"governo-tem-10-584-servidores-com-menos-de-18-anos-e-9-573-ganhando-menos-que-o-minimo","status":"publish","type":"post","link":"https:\/\/blogs.correiobraziliense.com.br\/vicente\/governo-tem-10-584-servidores-com-menos-de-18-anos-e-9-573-ganhando-menos-que-o-minimo\/","title":{"rendered":"Governo tem 10.584 servidores com menos de 18 anos e 9.573 ganhando menos que o m\u00ednimo"},"content":{"rendered":"<p>As estat\u00edsticas sobre os servidores p\u00fablicos\u00a0 levantam muitas d\u00favidas sobre a qualidade das informa\u00e7\u00f5es e deixam uma certeza: os desvios s\u00e3o grandes. Basta dar uma olhada no projeto de Lei de Diretrizes Or\u00e7ament\u00e1rias (LDO) de 2017 encaminhado ao Congresso para constatar o qu\u00e3o falhos s\u00e3o os sistemas de controles.<\/p>\n<p>&nbsp;<\/p>\n<p>H\u00e1, hoje, no Executivo, segundo documento assinado por Narlon Gutierre Nogueira, Benedito Leite Sobrinho, Alan dos Santos Moura e Allex Albert Rodrigues, 10.584 servidores com menos de 18 anos, o que \u00e9 proibido por lei, e 9.573 pessoas ganhando menos do que um sal\u00e1rio m\u00ednimo, tamb\u00e9m inadmiss\u00edvel, segundo a legisla\u00e7\u00e3o.<\/p>\n<p>&nbsp;<\/p>\n<p>N\u00e3o \u00e9 s\u00f3: o Executivo n\u00e3o consegue identificar os registros de 96 pensionistas. Sequer sabe quanto eles ganham. Os dados mostram ainda que h\u00e1 67 pensionistas com 106 anos ou mais e 28 aposentados na mesma faixa et\u00e1ria. H\u00e1 suspeitas de que essas pessoas j\u00e1 tenham morrido, mas seus parentes continuam recebendo os benef\u00edcios.<\/p>\n<p>&nbsp;<\/p>\n<p>Esse quadro de descontrole se repete no Legislativo, no qual 224 pessoas ganham menos que um sal\u00e1rio m\u00ednimo, e no Judici\u00e1rio, em que 546 registros de aposentados e de 1.082 pensionistas n\u00e3o cont\u00eam os valores dos benef\u00edcios.<\/p>\n<p>&nbsp;<\/p>\n<p>Pode parecer pouco, que os n\u00fameros s\u00e3o insignificantes dado o tamanho da folha de sal\u00e1rios, mas os dados mostram como os ralos por onde escorre o dinheiro p\u00fablico continuam abertos e todos tratam os absurdos como fatos normais, como se nada de errado estivesse acontecendo.<\/p>\n<p>&nbsp;<\/p>\n<p><em>Bras\u00edlia, 14h30min<\/em><\/p>\n","protected":false},"excerpt":{"rendered":"<p>As estat\u00edsticas sobre os servidores p\u00fablicos\u00a0 levantam muitas d\u00favidas sobre a qualidade das informa\u00e7\u00f5es e deixam uma certeza: os desvios s\u00e3o grandes. Basta dar uma olhada no projeto de Lei de Diretrizes Or\u00e7ament\u00e1rias (LDO) de 2017 encaminhado ao Congresso para constatar o qu\u00e3o falhos s\u00e3o os sistemas de controles. &nbsp; H\u00e1, hoje, no Executivo, segundo [&hellip;]<\/p>\n","protected":false},"author":22,"featured_media":0,"comment_status":"open","ping_status":"closed","sticky":false,"template":"","format":"standard","meta":{"footnotes":""},"categories":[600],"tags":[636,635,410,638,411,637,123],"class_list":["post-1922","post","type-post","status-publish","format-standard","hentry","category-economia","tag-18-anos","tag-absurdos","tag-aposentados","tag-menos-de-18-anos","tag-pensionistas","tag-registros-falhos","tag-servidores"],"_links":{"self":[{"href":"https:\/\/blogs.correiobraziliense.com.br\/vicente\/wp-json\/wp\/v2\/posts\/1922","targetHints":{"allow":["GET"]}}],"collection":[{"href":"https:\/\/blogs.correiobraziliense.com.br\/vicente\/wp-json\/wp\/v2\/posts"}],"about":[{"href":"https:\/\/blogs.correiobraziliense.com.br\/vicente\/wp-json\/wp\/v2\/types\/post"}],"author":[{"embeddable":true,"href":"https:\/\/blogs.correiobraziliense.com.br\/vicente\/wp-json\/wp\/v2\/users\/22"}],"replies":[{"embeddable":true,"href":"https:\/\/blogs.correiobraziliense.com.br\/vicente\/wp-json\/wp\/v2\/comments?post=1922"}],"version-history":[{"count":1,"href":"https:\/\/blogs.correiobraziliense.com.br\/vicente\/wp-json\/wp\/v2\/posts\/1922\/revisions"}],"predecessor-version":[{"id":1923,"href":"https:\/\/blogs.correiobraziliense.com.br\/vicente\/wp-json\/wp\/v2\/posts\/1922\/revisions\/1923"}],"wp:attachment":[{"href":"https:\/\/blogs.correiobraziliense.com.br\/vicente\/wp-json\/wp\/v2\/media?parent=1922"}],"wp:term":[{"taxonomy":"category","embeddable":true,"href":"https:\/\/blogs.correiobraziliense.com.br\/vicente\/wp-json\/wp\/v2\/categories?post=1922"},{"taxonomy":"post_tag","embeddable":true,"href":"https:\/\/blogs.correiobraziliense.com.br\/vicente\/wp-json\/wp\/v2\/tags?post=1922"}],"curies":[{"name":"wp","href":"https:\/\/api.w.org\/{rel}","templated":true}]}}