{"id":19195,"date":"2021-06-01T18:35:49","date_gmt":"2021-06-01T21:35:49","guid":{"rendered":"https:\/\/blogs.correiobraziliense.com.br\/vicente\/?p=19195"},"modified":"2021-06-01T18:53:21","modified_gmt":"2021-06-01T21:53:21","slug":"bancarios-vao-ao-planalto-para-pedir-vacinacao-rapida","status":"publish","type":"post","link":"https:\/\/blogs.correiobraziliense.com.br\/vicente\/bancarios-vao-ao-planalto-para-pedir-vacinacao-rapida\/","title":{"rendered":"Banc\u00e1rios v\u00e3o ao Planalto para pedir vacina\u00e7\u00e3o r\u00e1pida"},"content":{"rendered":"<h2>Representantes dos banc\u00e1rios estiveram nesta ter\u00e7a-feira (01\/06) com a ministra-chefe da Secretaria de Governo da Presid\u00eancia da Rep\u00fablica, Fl\u00e1via Arruda, em busca de apoio para que os banc\u00e1rios sejam inclu\u00eddos nos grupos priorit\u00e1rios de vacina\u00e7\u00e3o contra a covid-19. Fl\u00e1via disse considerar o pleito leg\u00edtimo e ficou de defend\u00ea-lo dentro do governo.<\/h2>\n<p>&nbsp;<\/p>\n<p>O pedido foi apresentado pelo\u00a0presidente da Associa\u00e7\u00e3o Nacional dos Funcion\u00e1rios do Banco do Brasil (ANABB), Augusto Carvalho, e pela presidente da Associa\u00e7\u00e3o dos Bancos do Distrito Federal (ASSBAN), Maria do Carmo Oliveira. Em carta entregue para a ministra, eles listam uma s\u00e9rie de argumentos para a vacina\u00e7\u00e3o r\u00e1pida dos banc\u00e1rios.<\/p>\n<p>&nbsp;<\/p>\n<p>No documento, as entidades destacaram a import\u00e2ncia dos profissionais que trabalham em institui\u00e7\u00f5es financeiras no enfrentamento da pandemia do novo coronav\u00edrus, que vem devastando o pa\u00eds h\u00e1 mais de um ano \u2014 s\u00e3o quase 465 mil mortos e centenas de milhares de fam\u00edlias destru\u00eddas.<\/p>\n<p>&nbsp;<\/p>\n<p>\u201cEm todo o pa\u00eds, s\u00e3o 490 mil banc\u00e1rios. Somente do Banco do Brasil s\u00e3o 86 mil, que, mesmo em meio \u00e0 crise sanit\u00e1ria, mantiveram as ag\u00eancias banc\u00e1rias abertas, atendendo a milhares de pessoas diariamente\u201d, destacou o presidente da ANABB.<\/p>\n<p>&nbsp;<\/p>\n<p>Ele disse ainda que \u00e9 por meio das atividades dos banc\u00e1rios que a popula\u00e7\u00e3o em geral tem acesso a recursos financeiros e aos programas sociais desenvolvidos pelo governo federal, como o aux\u00edlio emergencial, o FGTS, o PIS\/Pasep, o Sistema Financeiro de Habita\u00e7\u00e3o (SFH), entre outros. \u201cAo mesmo tempo, est\u00e3o contribuindo para o desenvolvimento econ\u00f4mico e social do pa\u00eds\u201d, complementou Carvalho.<\/p>\n<p>&nbsp;<\/p>\n<p>Para a presidente da ASSBAN, n\u00e3o h\u00e1 d\u00favidas de que a continuidade do funcionamento dos bancos foi fundamental para evitar que a crise econ\u00f4mica fosse ainda mais severa. \u201cNo entanto, o grande fluxo de pessoas atendidas diariamente nas ag\u00eancias pode ampliar o risco de contamina\u00e7\u00e3o, apesar de todo aparato sanit\u00e1rio adotado nas institui\u00e7\u00f5es\u201d, frisou Maria do Carmo.<\/p>\n<p>&nbsp;<\/p>\n<p><em>Bras\u00edlia, 18h35min<\/em><\/p>\n","protected":false},"excerpt":{"rendered":"<p>Representantes dos banc\u00e1rios estiveram nesta ter\u00e7a-feira (01\/06) com a ministra-chefe da Secretaria de Governo da Presid\u00eancia da Rep\u00fablica, Fl\u00e1via Arruda, em busca de apoio para que os banc\u00e1rios sejam inclu\u00eddos nos grupos priorit\u00e1rios de vacina\u00e7\u00e3o contra a covid-19. Fl\u00e1via disse considerar o pleito leg\u00edtimo e ficou de defend\u00ea-lo dentro do governo. &nbsp; O pedido foi [&hellip;]<\/p>\n","protected":false},"author":22,"featured_media":19199,"comment_status":"open","ping_status":"closed","sticky":false,"template":"","format":"standard","meta":{"footnotes":""},"categories":[600],"tags":[5509,589,4943,4547],"class_list":["post-19195","post","type-post","status-publish","format-standard","has-post-thumbnail","hentry","category-economia","tag-bancarios-vao-ao-planalto-para-pedir-vacinacao-rapida","tag-economia","tag-financas","tag-negocios"],"_links":{"self":[{"href":"https:\/\/blogs.correiobraziliense.com.br\/vicente\/wp-json\/wp\/v2\/posts\/19195","targetHints":{"allow":["GET"]}}],"collection":[{"href":"https:\/\/blogs.correiobraziliense.com.br\/vicente\/wp-json\/wp\/v2\/posts"}],"about":[{"href":"https:\/\/blogs.correiobraziliense.com.br\/vicente\/wp-json\/wp\/v2\/types\/post"}],"author":[{"embeddable":true,"href":"https:\/\/blogs.correiobraziliense.com.br\/vicente\/wp-json\/wp\/v2\/users\/22"}],"replies":[{"embeddable":true,"href":"https:\/\/blogs.correiobraziliense.com.br\/vicente\/wp-json\/wp\/v2\/comments?post=19195"}],"version-history":[{"count":1,"href":"https:\/\/blogs.correiobraziliense.com.br\/vicente\/wp-json\/wp\/v2\/posts\/19195\/revisions"}],"predecessor-version":[{"id":19200,"href":"https:\/\/blogs.correiobraziliense.com.br\/vicente\/wp-json\/wp\/v2\/posts\/19195\/revisions\/19200"}],"wp:featuredmedia":[{"embeddable":true,"href":"https:\/\/blogs.correiobraziliense.com.br\/vicente\/wp-json\/wp\/v2\/media\/19199"}],"wp:attachment":[{"href":"https:\/\/blogs.correiobraziliense.com.br\/vicente\/wp-json\/wp\/v2\/media?parent=19195"}],"wp:term":[{"taxonomy":"category","embeddable":true,"href":"https:\/\/blogs.correiobraziliense.com.br\/vicente\/wp-json\/wp\/v2\/categories?post=19195"},{"taxonomy":"post_tag","embeddable":true,"href":"https:\/\/blogs.correiobraziliense.com.br\/vicente\/wp-json\/wp\/v2\/tags?post=19195"}],"curies":[{"name":"wp","href":"https:\/\/api.w.org\/{rel}","templated":true}]}}