{"id":19190,"date":"2021-06-01T15:31:49","date_gmt":"2021-06-01T18:31:49","guid":{"rendered":"https:\/\/blogs.correiobraziliense.com.br\/vicente\/?p=19190"},"modified":"2021-06-01T15:36:46","modified_gmt":"2021-06-01T18:36:46","slug":"bradesco-revisa-previsao-de-alta-do-pib-de-2021-de-33-para-48","status":"publish","type":"post","link":"https:\/\/blogs.correiobraziliense.com.br\/vicente\/bradesco-revisa-previsao-de-alta-do-pib-de-2021-de-33-para-48\/","title":{"rendered":"Bradesco revisa previs\u00e3o de alta do PIB de 2021 de 3,3% para 4,8%"},"content":{"rendered":"<h2>ROSANA HESSEL<\/h2>\n<h2><\/h2>\n<h2>Apesar de revisar para cima as proje\u00e7\u00f5es do Produto Interno Bruto (PIB) de 2021, de 3,3% para 4,8%, o Bradesco optou por uma proje\u00e7\u00e3o mais conservadora do que as mais otimistas, de 5% ou mais, que pipocam no mercado. A justificativa foram as incertezas em torno do processo de vacina\u00e7\u00e3o contra a covid-19 e a inclus\u00e3o do risco hidrol\u00f3gico, reconhecido na semana passada pelo governo e que colocou as chances de apag\u00e3o no radar das estimativas.<\/h2>\n<h2><\/h2>\n<p>&#8220;N\u00e3o fosse pelas incertezas quanto ao quadro hidrol\u00f3gico e \u00e0 pr\u00f3pria pandemia, que ainda n\u00e3o estabilizou, a proje\u00e7\u00e3o poderia superar 5%&#8221;, destacou diretor de Pesquisas e Estudos Econ\u00f4micos do Bradesco, Fernando Honorato, nesta ter\u00e7a-feira (01\/06), ap\u00f3s a divulga\u00e7\u00e3o do resultado do PIB do primeiro trimestre de 2021, quando a economia cresceu 1,2% na compara\u00e7\u00e3o com os tr\u00eas meses anteriores. A proje\u00e7\u00e3o do banco privado para o PIB de 2022 foi mantida em 2%, conforme o relat\u00f3rio do banco enviado aos clientes.<\/p>\n<p>&nbsp;<\/p>\n<p>&#8220;A intensifica\u00e7\u00e3o da pandemia sempre se configurou como um risco em nosso cen\u00e1rio. Aos olhos de\u00a0hoje, entretanto, esse risco se mostrou superestimado, seja porque as empresas e fam\u00edlias\u00a0aprenderam a lidar com a pandemia, seja porque a mobilidade, na pr\u00e1tica, caiu menos do que o\u00a0esperado&#8221;, destacou o relat\u00f3rio elaborado por Honorato e sua equipe.<\/p>\n<p>&nbsp;<\/p>\n<p>O economista destacou que o dado do PIB do primeiro trimestre confirmou a resili\u00eancia da economia brasileira. &#8220;Apesar do agravamento da pandemia, seus efeitos sobre o PIB t\u00eam sido limitados. Parte da raz\u00e3o se deve ao aprendizado das fam\u00edlias e empresas em lidarem com a pandemia e, parte, aos fatores que j\u00e1 v\u00ednhamos destacando: cr\u00e9dito, gera\u00e7\u00e3o de empregos formais e ciclo global de commodities.&#8221;<\/p>\n<p>&nbsp;<\/p>\n<p>Devido \u00e0 expectativa de que o crescimento maior da economia poder\u00e1 ajudar a pressionar ainda mais a infla\u00e7\u00e3o, que est\u00e1 elevada, o Bradesco revisou tamb\u00e9m as previs\u00f5es para o \u00cdndice de Pre\u00e7os ao Consumidor Amplo (IPCA) deste ano, de 5,2% para 5,5%, ou seja, acima do teto da meta, de 5,25%. Para 2022, o banco ainda prev\u00ea alta de 3,5% no IPCA, o\u00a0 e 3,5% no pr\u00f3ximo ano, o que, na avalia\u00e7\u00e3o da institui\u00e7\u00e3o, dever\u00e1 levar o Banco Central a elevar a taxa b\u00e1sica de juros (Selic), de 5,75%, no fim deste ano, para 6,5%, em 2022.<\/p>\n<p>&nbsp;<\/p>\n","protected":false},"excerpt":{"rendered":"<p>ROSANA HESSEL Apesar de revisar para cima as proje\u00e7\u00f5es do Produto Interno Bruto (PIB) de 2021, de 3,3% para 4,8%, o Bradesco optou por uma proje\u00e7\u00e3o mais conservadora do que as mais otimistas, de 5% ou mais, que pipocam no mercado. A justificativa foram as incertezas em torno do processo de vacina\u00e7\u00e3o contra a covid-19 [&hellip;]<\/p>\n","protected":false},"author":22,"featured_media":18713,"comment_status":"open","ping_status":"closed","sticky":false,"template":"","format":"standard","meta":{"footnotes":""},"categories":[600],"tags":[491,14,4510,58,718,5508],"class_list":["post-19190","post","type-post","status-publish","format-standard","has-post-thumbnail","hentry","category-economia","tag-bradesco","tag-inflacao","tag-pandemia","tag-pib","tag-revisao","tag-risco-hidrologico"],"_links":{"self":[{"href":"https:\/\/blogs.correiobraziliense.com.br\/vicente\/wp-json\/wp\/v2\/posts\/19190","targetHints":{"allow":["GET"]}}],"collection":[{"href":"https:\/\/blogs.correiobraziliense.com.br\/vicente\/wp-json\/wp\/v2\/posts"}],"about":[{"href":"https:\/\/blogs.correiobraziliense.com.br\/vicente\/wp-json\/wp\/v2\/types\/post"}],"author":[{"embeddable":true,"href":"https:\/\/blogs.correiobraziliense.com.br\/vicente\/wp-json\/wp\/v2\/users\/22"}],"replies":[{"embeddable":true,"href":"https:\/\/blogs.correiobraziliense.com.br\/vicente\/wp-json\/wp\/v2\/comments?post=19190"}],"version-history":[{"count":2,"href":"https:\/\/blogs.correiobraziliense.com.br\/vicente\/wp-json\/wp\/v2\/posts\/19190\/revisions"}],"predecessor-version":[{"id":19192,"href":"https:\/\/blogs.correiobraziliense.com.br\/vicente\/wp-json\/wp\/v2\/posts\/19190\/revisions\/19192"}],"wp:featuredmedia":[{"embeddable":true,"href":"https:\/\/blogs.correiobraziliense.com.br\/vicente\/wp-json\/wp\/v2\/media\/18713"}],"wp:attachment":[{"href":"https:\/\/blogs.correiobraziliense.com.br\/vicente\/wp-json\/wp\/v2\/media?parent=19190"}],"wp:term":[{"taxonomy":"category","embeddable":true,"href":"https:\/\/blogs.correiobraziliense.com.br\/vicente\/wp-json\/wp\/v2\/categories?post=19190"},{"taxonomy":"post_tag","embeddable":true,"href":"https:\/\/blogs.correiobraziliense.com.br\/vicente\/wp-json\/wp\/v2\/tags?post=19190"}],"curies":[{"name":"wp","href":"https:\/\/api.w.org\/{rel}","templated":true}]}}