{"id":19180,"date":"2021-06-01T12:59:24","date_gmt":"2021-06-01T15:59:24","guid":{"rendered":"https:\/\/blogs.correiobraziliense.com.br\/vicente\/?p=19180"},"modified":"2021-06-01T20:44:50","modified_gmt":"2021-06-01T23:44:50","slug":"com-resultado-do-pib-brasil-perde-sete-posicoes-no-ranking-global","status":"publish","type":"post","link":"https:\/\/blogs.correiobraziliense.com.br\/vicente\/com-resultado-do-pib-brasil-perde-sete-posicoes-no-ranking-global\/","title":{"rendered":"Com resultado do PIB, Brasil perde sete posi\u00e7\u00f5es no ranking global"},"content":{"rendered":"<p>ROSANA HESSEL<\/p>\n<p>&nbsp;<\/p>\n<p>A alta de 1,2% no Produto Interno Bruto (PIB) do primeiro trimestre de 2021 na\u00a0margem, ou seja, em rela\u00e7\u00e3o aos tr\u00eas meses anteriores, descontados os efeitos sazonais,\u00a0 conforme dados divulgados nesta sexta-feira (01\/06) pelo Instituto Brasileiro de Geografia e Estat\u00edstica (IBGE) colocou o Brasil na 19\u00aa coloca\u00e7\u00e3o em um ranking de 53 economias analisadas pela Austin Rating. Esse resultado fez o pa\u00eds descer sete posi\u00e7\u00f5es em rela\u00e7\u00e3o ao ranking do quatro trimestre de 2020, quando o pa\u00eds ficou na 12\u00aa coloca\u00e7\u00e3o.<\/p>\n<p>&nbsp;<\/p>\n<p>O ranking global tem a Cro\u00e1cia na lideran\u00e7a, com expans\u00e3o do PIB de 5,8%. Hong Kong, em segundo lugar, apresentou crescimento de 5,4%. O pa\u00eds latino-americano melhor posicionado foi o Chile, na 4\u00aa coloca\u00e7\u00e3o, com expans\u00e3o de 3,2%. A taxa m\u00e9dia do ranking ficou em 0,4%.<\/p>\n<p>&nbsp;<\/p>\n<p>O economista-chefe da Austin, Alex Agostini, o dado do PIB do primeiro trimestre de 2021 foi melhor do que a mediana do mercado, de 0,7%, mas ficou abaixo da expans\u00e3o de 2,12% estimada pela Austin, uma das mais otimistas do mercado. Logo, segundo ele, o dado n\u00e3o deve ser comemorado com muito entusiasmo, apesar de ser positivo.<\/p>\n<p>&nbsp;<\/p>\n<p>Agostini prev\u00ea crescimento de 3,3% no PIB de 2021 e de 3% em 2022 e n\u00e3o alterou as proje\u00e7\u00f5es por conta do resultado de hoje. &#8220;Apesar de indicar um potencial maior de crescimento para 2021, por ora, optamos em preservar nossas\u00a0proje\u00e7\u00f5es em virtude de muitas incertezas em rela\u00e7\u00e3o \u00e0 retomada. Uma delas, segundo ele, est\u00e1 relacionada ao processo de aperto monet\u00e1rio, inclusive, com poss\u00edvel maior dosagem nas doses\u00a0de alta da Selic (taxa b\u00e1sica da economia) nas pr\u00f3ximas reuni\u00f5es do Banco Central diante das press\u00f5es inflacion\u00e1rias mais fortes&#8221;, disse. O economista ainda citou a crise h\u00eddrica, o processo lento de vacina\u00e7\u00e3o contra\u00a0covid-19 no pa\u00eds, o aumento dos custos de produ\u00e7\u00e3o, com destaque para as altas recordes dos pre\u00e7os das\u00a0commodities, o cen\u00e1rio fiscal ainda fragilizado;\u00a0 e a redu\u00e7\u00e3o dos est\u00edmulos monet\u00e1rios nas economias\u00a0desenvolvidas,\u00a0 como fatores de riscos a serem considerados para um crescimento mais robusto do PIB.<\/p>\n<p>&nbsp;<\/p>\n<p>&#8220;Acho muito dif\u00edcil para o PIB deste ano conseguir crescer 4%. A ind\u00fastria se recuperou, a agricultura continua salvando o PIB do trimestre, mas o consumo das fam\u00edlias veio muito fraco e representa, sozinho, dois ter\u00e7os do PIB. Isso \u00e9 uma preocupa\u00e7\u00e3o, porque, de um lado, estamos vendo a produ\u00e7\u00e3o crescendo, mas n\u00e3o \u00e9 por conta da demanda e sim para recompor os estoques. S\u00f3 que, se o consumo permanecer fraco, j\u00e1 que as fam\u00edlias est\u00e3o muito endividadas, esse estoque poder\u00e1 virar preju\u00edzo mais \u00e0 frente&#8221;, alertou.<\/p>\n<p>&nbsp;<\/p>\n<p>Um dos motivos para que o consumo das fam\u00edlias continue fraco ao longo do ano \u00e9 a infla\u00e7\u00e3o, que n\u00e3o est\u00e1 dando tr\u00e9gua, de acordo com Agostini.\u00a0\u00a0Pelas estimativas da Austin, o indicador oficial do custo de vida vai estourar o teto da meta, de 5,25% ao ano para o \u00cdndice de Pre\u00e7os ao Consumidor Amplo (IPCA). Ele lembro que, no primeiro trimestre, o consumo das fam\u00edlias encolheu 0,1% na margem devido \u00e0 queda no rendimento da popula\u00e7\u00e3o e do poder de compra em meio ao desemprego recorde. &#8220;Estamos prevendo 5,34%, mas como as press\u00f5es inflacion\u00e1rias n\u00e3o est\u00e3o dando tr\u00e9gua, ainda mais com o risco de apag\u00e3o no radar, n\u00e3o podemos descartar a possibilidade de o IPCA encerrar o ano em torno de 6%&#8221;, afirmou.<\/p>\n<p>&nbsp;<\/p>\n<p>Agostini lembra que, considerando os valores do PIB nominal em d\u00f3lar, o Brasil j\u00e1 n\u00e3o ocupa mais a lista das 10 maiores economias globais. No ano passado, ficou em 12\u00ba lugar e, se depender do desempenho estimado pelo Fundo Monet\u00e1rio Internacional (FMI) previsto para este ano, de 3,6%, que e melhor do que o previsto pela Austin, o pa\u00eds vai perder mais uma posi\u00e7\u00e3o, passando para a 13\u00aa coloca\u00e7\u00e3o.<\/p>\n<p>&nbsp;<\/p>\n<p>&nbsp;<\/p>\n<p>&nbsp;<\/p>\n<p>&nbsp;<\/p>\n<p>&nbsp;<\/p>\n","protected":false},"excerpt":{"rendered":"<p>ROSANA HESSEL &nbsp; A alta de 1,2% no Produto Interno Bruto (PIB) do primeiro trimestre de 2021 na\u00a0margem, ou seja, em rela\u00e7\u00e3o aos tr\u00eas meses anteriores, descontados os efeitos sazonais,\u00a0 conforme dados divulgados nesta sexta-feira (01\/06) pelo Instituto Brasileiro de Geografia e Estat\u00edstica (IBGE) colocou o Brasil na 19\u00aa coloca\u00e7\u00e3o em um ranking de 53 [&hellip;]<\/p>\n","protected":false},"author":22,"featured_media":0,"comment_status":"open","ping_status":"closed","sticky":false,"template":"","format":"standard","meta":{"footnotes":""},"categories":[600],"tags":[2581,3859,391,58,5162],"class_list":["post-19180","post","type-post","status-publish","format-standard","hentry","category-economia","tag-atividade-economica","tag-austin-rating","tag-ibge","tag-pib","tag-ranking-global"],"_links":{"self":[{"href":"https:\/\/blogs.correiobraziliense.com.br\/vicente\/wp-json\/wp\/v2\/posts\/19180","targetHints":{"allow":["GET"]}}],"collection":[{"href":"https:\/\/blogs.correiobraziliense.com.br\/vicente\/wp-json\/wp\/v2\/posts"}],"about":[{"href":"https:\/\/blogs.correiobraziliense.com.br\/vicente\/wp-json\/wp\/v2\/types\/post"}],"author":[{"embeddable":true,"href":"https:\/\/blogs.correiobraziliense.com.br\/vicente\/wp-json\/wp\/v2\/users\/22"}],"replies":[{"embeddable":true,"href":"https:\/\/blogs.correiobraziliense.com.br\/vicente\/wp-json\/wp\/v2\/comments?post=19180"}],"version-history":[{"count":7,"href":"https:\/\/blogs.correiobraziliense.com.br\/vicente\/wp-json\/wp\/v2\/posts\/19180\/revisions"}],"predecessor-version":[{"id":19207,"href":"https:\/\/blogs.correiobraziliense.com.br\/vicente\/wp-json\/wp\/v2\/posts\/19180\/revisions\/19207"}],"wp:attachment":[{"href":"https:\/\/blogs.correiobraziliense.com.br\/vicente\/wp-json\/wp\/v2\/media?parent=19180"}],"wp:term":[{"taxonomy":"category","embeddable":true,"href":"https:\/\/blogs.correiobraziliense.com.br\/vicente\/wp-json\/wp\/v2\/categories?post=19180"},{"taxonomy":"post_tag","embeddable":true,"href":"https:\/\/blogs.correiobraziliense.com.br\/vicente\/wp-json\/wp\/v2\/tags?post=19180"}],"curies":[{"name":"wp","href":"https:\/\/api.w.org\/{rel}","templated":true}]}}