{"id":1918,"date":"2016-07-12T11:14:42","date_gmt":"2016-07-12T14:14:42","guid":{"rendered":"https:\/\/blogs.correiobraziliense.com.br\/vicente\/?p=1918"},"modified":"2016-07-12T11:20:43","modified_gmt":"2016-07-12T14:20:43","slug":"dilma-promete-manter-meirelles-na-fazenda-se-voltar-ao-planalto","status":"publish","type":"post","link":"https:\/\/blogs.correiobraziliense.com.br\/vicente\/dilma-promete-manter-meirelles-na-fazenda-se-voltar-ao-planalto\/","title":{"rendered":"Dilma promete manter Meirelles na Fazenda se voltar ao Planalto"},"content":{"rendered":"<p>POR ANTONIO TEM\u00d3TEO<\/p>\n<p>&nbsp;<\/p>\n<p>Interlocutores da presidente da Rep\u00fablica afastada, Dilma Rousseff, confidenciaram que ela foi convencida a manter Henrique Meirelles no Minist\u00e9rio da Fazenda caso volte ao Pal\u00e1cio do Planalto. Presidentes de estatais, como o comandante da Petrobras, Pedro Parente, tamb\u00e9m seriam convidados a permanecer nos cargos em uma eventual vit\u00f3ria no Senado.<\/p>\n<p>&nbsp;<\/p>\n<p>Essa decis\u00e3o faz parte da estrat\u00e9gia montada por auxiliares de Dilma para convencer alguns senadores a votarem contra o processo de impeachment. Parte dos indecisos avalia que a petista teria de mudar radicalmente seu n\u00edvel de interven\u00e7\u00e3o na pol\u00edtica econ\u00f4mica, e a perman\u00eancia de Meirelles e de Parente seria uma sinaliza\u00e7\u00e3o importante.<\/p>\n<p>&nbsp;<\/p>\n<p>Quem tem levado essa mensagem aos indecisos s\u00e3o os senadores peemedebistas K\u00e1tia Abreu (TO) e Roberto Requi\u00e3o (RS).<\/p>\n","protected":false},"excerpt":{"rendered":"<p>POR ANTONIO TEM\u00d3TEO &nbsp; Interlocutores da presidente da Rep\u00fablica afastada, Dilma Rousseff, confidenciaram que ela foi convencida a manter Henrique Meirelles no Minist\u00e9rio da Fazenda caso volte ao Pal\u00e1cio do Planalto. Presidentes de estatais, como o comandante da Petrobras, Pedro Parente, tamb\u00e9m seriam convidados a permanecer nos cargos em uma eventual vit\u00f3ria no Senado. &nbsp; [&hellip;]<\/p>\n","protected":false},"author":22,"featured_media":0,"comment_status":"open","ping_status":"closed","sticky":false,"template":"","format":"standard","meta":{"footnotes":""},"categories":[600],"tags":[11,21,632,634,633],"class_list":["post-1918","post","type-post","status-publish","format-standard","hentry","category-economia","tag-dilma-rousseff","tag-henrique-meirelles","tag-katia-abreu","tag-pedro-parente","tag-roberto-requiao"],"_links":{"self":[{"href":"https:\/\/blogs.correiobraziliense.com.br\/vicente\/wp-json\/wp\/v2\/posts\/1918","targetHints":{"allow":["GET"]}}],"collection":[{"href":"https:\/\/blogs.correiobraziliense.com.br\/vicente\/wp-json\/wp\/v2\/posts"}],"about":[{"href":"https:\/\/blogs.correiobraziliense.com.br\/vicente\/wp-json\/wp\/v2\/types\/post"}],"author":[{"embeddable":true,"href":"https:\/\/blogs.correiobraziliense.com.br\/vicente\/wp-json\/wp\/v2\/users\/22"}],"replies":[{"embeddable":true,"href":"https:\/\/blogs.correiobraziliense.com.br\/vicente\/wp-json\/wp\/v2\/comments?post=1918"}],"version-history":[{"count":3,"href":"https:\/\/blogs.correiobraziliense.com.br\/vicente\/wp-json\/wp\/v2\/posts\/1918\/revisions"}],"predecessor-version":[{"id":1921,"href":"https:\/\/blogs.correiobraziliense.com.br\/vicente\/wp-json\/wp\/v2\/posts\/1918\/revisions\/1921"}],"wp:attachment":[{"href":"https:\/\/blogs.correiobraziliense.com.br\/vicente\/wp-json\/wp\/v2\/media?parent=1918"}],"wp:term":[{"taxonomy":"category","embeddable":true,"href":"https:\/\/blogs.correiobraziliense.com.br\/vicente\/wp-json\/wp\/v2\/categories?post=1918"},{"taxonomy":"post_tag","embeddable":true,"href":"https:\/\/blogs.correiobraziliense.com.br\/vicente\/wp-json\/wp\/v2\/tags?post=1918"}],"curies":[{"name":"wp","href":"https:\/\/api.w.org\/{rel}","templated":true}]}}