{"id":19165,"date":"2021-06-01T10:38:56","date_gmt":"2021-06-01T13:38:56","guid":{"rendered":"https:\/\/blogs.correiobraziliense.com.br\/vicente\/?p=19165"},"modified":"2021-06-01T21:14:31","modified_gmt":"2021-06-02T00:14:31","slug":"consumo-das-familias-encolhe-01-no-pib-do-trimestre-de-2021","status":"publish","type":"post","link":"https:\/\/blogs.correiobraziliense.com.br\/vicente\/consumo-das-familias-encolhe-01-no-pib-do-trimestre-de-2021\/","title":{"rendered":"Consumo das fam\u00edlias encolhe 0,1% no PIB do trimestre de 2021"},"content":{"rendered":"<h2>ROSANA HESSEL<\/h2>\n<h2><\/h2>\n<h2>Os dados do Instituto Brasileiro de Geografia e Estat\u00edstica (IBGE), divulgados nesta ter\u00e7a-feira (01\/06), mostram que o consumo das fam\u00edlias, importante componente do Produto Interno Bruto (PIB) e um dos principais motores da atividade econ\u00f4mica, encolheu 0,1% no primeiro trimestre de 2021 na compara\u00e7\u00e3o com o quarto trimestre de 2020 ap\u00f3s dois dados trimestrais positivos. Em rela\u00e7\u00e3o ao mesmo per\u00edodo de 2020, o recuo foi de 1,7%, e, no acumulado em quatro trimestres, o tombo foi de 5,7%.<\/h2>\n<h2><\/h2>\n<p>Apesar do bom desempenho da ind\u00fastria em geral, principalmente da agropecu\u00e1ria, que ajudou na\u00a0<a href=\"https:\/\/blogs.correiobraziliense.com.br\/vicente\/ibge-pib-avanca-12-no-primeiro-trimestre-de-2021\/\">alta de 1,2% no PIB do primeiro trimestre de 2021<\/a>, a pandemia da covid-19 e a infla\u00e7\u00e3o em alta tem ajudado a travar o consumo das fam\u00edlias, principalmente, de alimentos, refletindo a perda do poder de compra do brasileiro e a interrup\u00e7\u00e3o do aux\u00edlio emergencial nos primeiros meses do ano. Al\u00e9m disso, o desemprego crescente, que atingiu in\u00e9ditos 14,8 milh\u00f5es de brasileiros, \u00e9 outro fator que tem reduzido a capacidade de consumir do brasileiro de forma geral. Estimativas do mercado j\u00e1 apontam o \u00cdndice de Pre\u00e7os ao Consumidor Amplo (IPCA) encerrando o semestre em 8% no acumulado em 12 meses.<\/p>\n<p>&nbsp;<\/p>\n<p>De acordo com o comunicado do \u00f3rg\u00e3o, o aumento da infla\u00e7\u00e3o pesou no consumo de alimentos ao longo desse per\u00edodo para as fam\u00edlias, que est\u00e3o cada vez mais endividadas. &#8220;Com o mercado de trabalho tamb\u00e9m est\u00e1 desaquecido, houve ainda redu\u00e7\u00e3o significativa nos pagamentos dos programas do governo \u00e0s fam\u00edlias, como o aux\u00edlio emergencial\u201d, afirmou a coordenadora de Contas Nacionais do IBGE, Rebeca Palis, acrescentando o aumento no cr\u00e9dito para pessoas f\u00edsicas no per\u00edodo.<\/p>\n<p>&nbsp;<\/p>\n<p><a href=\"https:\/\/blogs.correiobraziliense.com.br\/vicente\/endividamento-das-familias-atinge-o-maior-patamar-da-historia-diz-bc\/\">Conforme dados do Banco Central, o endividamento das fam\u00edlias bateu recorde no m\u00eas de fevereiro, alcan\u00e7ando 57,7% da massa salarial.<\/a>\u00a0Esse dado tem sido apontado como um fator de preocupa\u00e7\u00e3o tanto para a oferta de cr\u00e9dito, que vai recuar, quanto para a recupera\u00e7\u00e3o do consumo, porque as fam\u00edlias v\u00e3o ter restri\u00e7\u00f5es para comprar mais diante do aumento do risco de inadimpl\u00eancia e dos juros, que dever\u00e3o continuar em alta.<\/p>\n<p>&nbsp;<\/p>\n<p>O avan\u00e7o do PIB do trimestre teve como destaque a alta de 5,7% da agropecu\u00e1ria, puxada pelo aumento da produtividade no campo e, sobretudo, nos pre\u00e7os da soja, que tem maior peso na lavoura brasileira e deve ter safra recorde neste ano.\u00a0\u00a0A alta de 0,7% na produ\u00e7\u00e3o industrial no primeiro trimestre foi puxada pela ind\u00fastria extrativa, que cresceu 3,2% na margem. O \u00fanico resultado negativo foi da ind\u00fastria de transforma\u00e7\u00e3o, que encolheu 0,5% na margem, devido \u00e0 queda no consumo que reduziu a demanda da ind\u00fastria aliment\u00edcia, segundo o IBGE.<\/p>\n<p>&nbsp;<\/p>\n<p>Nos setor de servi\u00e7os, que respons\u00e1vel por 73% do PIB e o segmento que mais emprega no pa\u00eds, houve avan\u00e7o de 0,5%, puxado por crescimento em praticamente todos os segmentos, com outros servi\u00e7os prestados \u00e0s fam\u00edlias praticamente est\u00e1vel. Contudo, a avalia\u00e7\u00e3o negativa foi na administra\u00e7\u00e3o, sa\u00fade e educa\u00e7\u00e3o p\u00fablica, de 0,6%. &#8220;N\u00e3o est\u00e1 havendo muitos concursos para o preenchimento de vagas e est\u00e1 ocorrendo aposentadoria de trabalhadores, reduzindo a ocupa\u00e7\u00e3o do setor. Isso afeta a contribui\u00e7\u00e3o da atividade para o valor adicionado\u201d, explicou a coordenadora de Contas Nacionais na nota do IBGE.<\/p>\n<p>&nbsp;<\/p>\n<p>Enquanto isso, o\u00a0consumo do governo teve queda de 0,8%, na margem, e de 5,7%, na compara\u00e7\u00e3o anual.\u00a0\u00a0Os investimentos, medidos pela Forma\u00e7\u00e3o Bruta de Capital Fixo (FBCF), cresceram 4,6%, refletindo o aumento na produ\u00e7\u00e3o interna de bens de capital e no desenvolvimento de softwares, a alta na constru\u00e7\u00e3o. Contudo, \u00e9 importante destacar que esses dados, assim como as importa\u00e7\u00f5es, ainda t\u00eam impacto do Repetro, regime especial do setor de petr\u00f3leo, onde ainda h\u00e1 importa\u00e7\u00f5es fict\u00edcias de plataformas que n\u00e3o sa\u00edram do pa\u00eds mas haviam sido contabilizadas no passado como exporta\u00e7\u00f5es para obterem benef\u00edcio fiscal e que, agora, est\u00e3o sendo regularizadas.<\/p>\n<p>&nbsp;<\/p>\n","protected":false},"excerpt":{"rendered":"<p>ROSANA HESSEL Os dados do Instituto Brasileiro de Geografia e Estat\u00edstica (IBGE), divulgados nesta ter\u00e7a-feira (01\/06), mostram que o consumo das fam\u00edlias, importante componente do Produto Interno Bruto (PIB) e um dos principais motores da atividade econ\u00f4mica, encolheu 0,1% no primeiro trimestre de 2021 na compara\u00e7\u00e3o com o quarto trimestre de 2020 ap\u00f3s dois dados [&hellip;]<\/p>\n","protected":false},"author":22,"featured_media":16234,"comment_status":"open","ping_status":"closed","sticky":false,"template":"","format":"standard","meta":{"footnotes":""},"categories":[600],"tags":[2581,29,391,3623,58,2998],"class_list":["post-19165","post","type-post","status-publish","format-standard","has-post-thumbnail","hentry","category-economia","tag-atividade-economica","tag-consumo-das-familias","tag-ibge","tag-investimento","tag-pib","tag-producao"],"_links":{"self":[{"href":"https:\/\/blogs.correiobraziliense.com.br\/vicente\/wp-json\/wp\/v2\/posts\/19165","targetHints":{"allow":["GET"]}}],"collection":[{"href":"https:\/\/blogs.correiobraziliense.com.br\/vicente\/wp-json\/wp\/v2\/posts"}],"about":[{"href":"https:\/\/blogs.correiobraziliense.com.br\/vicente\/wp-json\/wp\/v2\/types\/post"}],"author":[{"embeddable":true,"href":"https:\/\/blogs.correiobraziliense.com.br\/vicente\/wp-json\/wp\/v2\/users\/22"}],"replies":[{"embeddable":true,"href":"https:\/\/blogs.correiobraziliense.com.br\/vicente\/wp-json\/wp\/v2\/comments?post=19165"}],"version-history":[{"count":12,"href":"https:\/\/blogs.correiobraziliense.com.br\/vicente\/wp-json\/wp\/v2\/posts\/19165\/revisions"}],"predecessor-version":[{"id":19208,"href":"https:\/\/blogs.correiobraziliense.com.br\/vicente\/wp-json\/wp\/v2\/posts\/19165\/revisions\/19208"}],"wp:featuredmedia":[{"embeddable":true,"href":"https:\/\/blogs.correiobraziliense.com.br\/vicente\/wp-json\/wp\/v2\/media\/16234"}],"wp:attachment":[{"href":"https:\/\/blogs.correiobraziliense.com.br\/vicente\/wp-json\/wp\/v2\/media?parent=19165"}],"wp:term":[{"taxonomy":"category","embeddable":true,"href":"https:\/\/blogs.correiobraziliense.com.br\/vicente\/wp-json\/wp\/v2\/categories?post=19165"},{"taxonomy":"post_tag","embeddable":true,"href":"https:\/\/blogs.correiobraziliense.com.br\/vicente\/wp-json\/wp\/v2\/tags?post=19165"}],"curies":[{"name":"wp","href":"https:\/\/api.w.org\/{rel}","templated":true}]}}