{"id":19153,"date":"2021-06-01T09:04:33","date_gmt":"2021-06-01T12:04:33","guid":{"rendered":"https:\/\/blogs.correiobraziliense.com.br\/vicente\/?p=19153"},"modified":"2021-06-01T11:51:03","modified_gmt":"2021-06-01T14:51:03","slug":"ibge-pib-avanca-12-no-primeiro-trimestre-de-2021","status":"publish","type":"post","link":"https:\/\/blogs.correiobraziliense.com.br\/vicente\/ibge-pib-avanca-12-no-primeiro-trimestre-de-2021\/","title":{"rendered":"IBGE: PIB avan\u00e7a 1,2% no primeiro trimestre de 2021"},"content":{"rendered":"<p>ROSANA HESSEL<\/p>\n<p>&nbsp;<\/p>\n<p>O Produto Interno Bruto (PIB) do Brasil cresceu 1,2 % no primeiro trimestre de 2021, na compara\u00e7\u00e3o com os tr\u00eas meses anteriores, conforme dados do Instituto Brasileiro de Geografia e Estat\u00edstica (IBGE), divulgados nesta ter\u00e7a-feira (01\/06), com destaque para a agricultura, que liderou a alta entre os setores produtivos, com avan\u00e7o de\u00a05,7% na mesma base de compara\u00e7\u00e3o.<\/p>\n<p>&nbsp;<\/p>\n<p>Esse resultado do PIB ficou acima da mediana das estimativas do mercado, de 0,7% de alta na margem, e o bom desempenho da atividade econ\u00f4mica do pa\u00eds teve impulso dos investimentos, al\u00e9m da agropecu\u00e1ria, apesar da queda no consumo em geral. De acordo com a coordenadora de Contas Nacionais do IBGE, Rebeca Pallis, o PIB brasileiro &#8220;recuperou o patamar pr\u00e9-pandemia, do quarto trimestre de 2019&#8221;, no entanto,\u00a0ainda est\u00e1 3,1% abaixo do ponto mais alto da atividade econ\u00f4mica do pa\u00eds, alcan\u00e7ado no primeiro trimestre de 2014.<\/p>\n<p>&nbsp;<\/p>\n<p>Na compara\u00e7\u00e3o com o primeiro trimestre de 2020, o PIB cresceu 1%. E, no acumulado em quatro trimestres encerrados em mar\u00e7o, o PIB encolheu 3,8%.<\/p>\n<p>&nbsp;<\/p>\n<p>Conforme os dados do IBGE, do lado da oferta, o crescimento do PIB no primeiro trimestre de 2021 foi puxado pela alta de 5,7% da agricultura, com destaque para as produ\u00e7\u00f5es de soja, arroz e milho, que apresentaram expans\u00f5es de 8,6%, de 3,6% e de 0,3%, respectivamente na compara\u00e7\u00e3o com os tr\u00eas meses anteriores. Milho e mandioca apresentaram quedas, de 0,7% e de 1,3%, na mesma base de compara\u00e7\u00e3o. Vale lembrar que a participa\u00e7\u00e3o da agropecu\u00e1ria no PIB cresceu na compara\u00e7\u00e3o trimestral, passando de 5,1%, nos primeiros tr\u00eas meses de 2019, para 6,8%, no mesmo intervalo de 2020.<\/p>\n<p>&nbsp;<\/p>\n<p>J\u00e1 a atividade da ind\u00fastria cresceu 0,7% em rela\u00e7\u00e3o ao \u00faltimo trimestre de 2020 e os servi\u00e7os, avan\u00e7ou 0,4% no mesmo intervalo. O segmento, que representou 72,8% do PIB de 2020, apresentou queda de 0,8% na compara\u00e7\u00e3o com o primeiro trimestre de 2020.<\/p>\n<p>&nbsp;<\/p>\n<p>No lado da demanda, o consumo das fam\u00edlias e do governo apresentaram queda na margem, de 0,1% e de 0,8%, respectivamente. Vale lembrar que, sem o aux\u00edlio emergencial nos primeiros do ano, o consumo das fam\u00edlias acabou perdendo o impulso do ano passado e, no caso do governo, o atraso na aprova\u00e7\u00e3o do Or\u00e7amento de 2021, limitou a libera\u00e7\u00e3o de recursos da administra\u00e7\u00e3o p\u00fablica, que foi obrigada a operar apenas com o duod\u00e9cimo (1\/12) da previs\u00e3o or\u00e7ament\u00e1ria.<\/p>\n<p>&nbsp;<\/p>\n<p>O investimento, medido pela Forma\u00e7\u00e3o Bruta de Capital Fixo (FBCF), cresceu 4,5%, ajudando no resultado positivo do PIB do trimestre, assim como o com\u00e9rcio exterior, que ganhou for\u00e7a com a forte valoriza\u00e7\u00e3o dos pre\u00e7os das commodities devido ao crescimento mundial mais acelerado.<\/p>\n<p>&nbsp;<\/p>\n<p>As exporta\u00e7\u00f5es avan\u00e7aram 3,5%, na mesma base de compara\u00e7\u00e3o. As importa\u00e7\u00f5es, por sua vez, saltaram 11,6% no trimestre, de acordo com os dados do IBGE.<\/p>\n<p>&nbsp;<\/p>\n<p>O PIB nominal somou R$ 2,048 trilh\u00f5es no acumulado de janeiro a mar\u00e7o. A\u00a0taxa de investimento em rela\u00e7\u00e3o ao PIB ficou em 19,4% no trimestre e a taxa de poupan\u00e7a, em 20,6%. Esses dados do mesmo trimestre de 2020 estavam em 15,9% do PIB e em 13,4%, respectivamente.<\/p>\n<p>&nbsp;<\/p>\n<p>&nbsp;<\/p>\n","protected":false},"excerpt":{"rendered":"<p>ROSANA HESSEL &nbsp; O Produto Interno Bruto (PIB) do Brasil cresceu 1,2 % no primeiro trimestre de 2021, na compara\u00e7\u00e3o com os tr\u00eas meses anteriores, conforme dados do Instituto Brasileiro de Geografia e Estat\u00edstica (IBGE), divulgados nesta ter\u00e7a-feira (01\/06), com destaque para a agricultura, que liderou a alta entre os setores produtivos, com avan\u00e7o de\u00a05,7% [&hellip;]<\/p>\n","protected":false},"author":22,"featured_media":18844,"comment_status":"open","ping_status":"closed","sticky":false,"template":"","format":"standard","meta":{"footnotes":""},"categories":[600],"tags":[2297,2581,2341,391,915,3623,58],"class_list":["post-19153","post","type-post","status-publish","format-standard","has-post-thumbnail","hentry","category-economia","tag-agricultura","tag-atividade-economica","tag-consumo","tag-ibge","tag-industria","tag-investimento","tag-pib"],"_links":{"self":[{"href":"https:\/\/blogs.correiobraziliense.com.br\/vicente\/wp-json\/wp\/v2\/posts\/19153","targetHints":{"allow":["GET"]}}],"collection":[{"href":"https:\/\/blogs.correiobraziliense.com.br\/vicente\/wp-json\/wp\/v2\/posts"}],"about":[{"href":"https:\/\/blogs.correiobraziliense.com.br\/vicente\/wp-json\/wp\/v2\/types\/post"}],"author":[{"embeddable":true,"href":"https:\/\/blogs.correiobraziliense.com.br\/vicente\/wp-json\/wp\/v2\/users\/22"}],"replies":[{"embeddable":true,"href":"https:\/\/blogs.correiobraziliense.com.br\/vicente\/wp-json\/wp\/v2\/comments?post=19153"}],"version-history":[{"count":16,"href":"https:\/\/blogs.correiobraziliense.com.br\/vicente\/wp-json\/wp\/v2\/posts\/19153\/revisions"}],"predecessor-version":[{"id":19177,"href":"https:\/\/blogs.correiobraziliense.com.br\/vicente\/wp-json\/wp\/v2\/posts\/19153\/revisions\/19177"}],"wp:featuredmedia":[{"embeddable":true,"href":"https:\/\/blogs.correiobraziliense.com.br\/vicente\/wp-json\/wp\/v2\/media\/18844"}],"wp:attachment":[{"href":"https:\/\/blogs.correiobraziliense.com.br\/vicente\/wp-json\/wp\/v2\/media?parent=19153"}],"wp:term":[{"taxonomy":"category","embeddable":true,"href":"https:\/\/blogs.correiobraziliense.com.br\/vicente\/wp-json\/wp\/v2\/categories?post=19153"},{"taxonomy":"post_tag","embeddable":true,"href":"https:\/\/blogs.correiobraziliense.com.br\/vicente\/wp-json\/wp\/v2\/tags?post=19153"}],"curies":[{"name":"wp","href":"https:\/\/api.w.org\/{rel}","templated":true}]}}