{"id":19121,"date":"2021-05-31T13:01:02","date_gmt":"2021-05-31T16:01:02","guid":{"rendered":"https:\/\/blogs.correiobraziliense.com.br\/vicente\/?p=19121"},"modified":"2021-05-31T19:21:39","modified_gmt":"2021-05-31T22:21:39","slug":"guedes-promete-taxar-mais-a-energia-suja-na-reforma-tributaria","status":"publish","type":"post","link":"https:\/\/blogs.correiobraziliense.com.br\/vicente\/guedes-promete-taxar-mais-a-energia-suja-na-reforma-tributaria\/","title":{"rendered":"Guedes promete taxar mais a energia suja na reforma tribut\u00e1ria"},"content":{"rendered":"<h2>ROSANA HESSEL<\/h2>\n<h2><\/h2>\n<h2><span style=\"font-weight: 400\">Na contram\u00e3o das a\u00e7\u00f5es do ministro do Meio Ambiente, Ricardo Salles, que tem transformado o Brasil em um p\u00e1ria global, batendo recordes hist\u00f3ricos de desmatamento da Amaz\u00f4nia, afugentando investidores, especialmente de grandes fundos globais, o ministro da Economia, Paulo Guedes, partiu em defesa do meio ambiente, pelo menos, no discurso. Em evento para investidores estrangeiros, ele prometeu reduzir incentivos \u00e0 energia suja, como gasolina e diesel, e dar mais benef\u00edcio fiscal \u00e0s fontes de energia renov\u00e1vel na nova reforma tribut\u00e1ria.<\/span><\/h2>\n<h2><\/h2>\n<p>&nbsp;<\/p>\n<p><span style=\"font-weight: 400\">\u201cNossos incentivos n\u00e3o ser\u00e3o mais em cima de energia suja. Com nossa reforma tribut\u00e1ria, estaremos avan\u00e7ando na isen\u00e7\u00e3o para economia verde e digital\u201d, prometeu o ministro, na manh\u00e3 desta segunda-feira (31\/05), no segundo painel da quarta edi\u00e7\u00e3o do Brazil Investment Forum <\/span><span style=\"font-weight: 400\">(F\u00f3rum de Investimentos Brasil, em ingl\u00eas), organizado pela Ag\u00eancia Brasileira de Promo\u00e7\u00e3o de Exporta\u00e7\u00f5es e Investimentos (Apex-Brasil), o Banco Interamericano de Desenvolvimento (BID) e o governo federal. <\/span><\/p>\n<p>&nbsp;<\/p>\n<p><span style=\"font-weight: 400\">Segundo os\u00a0<\/span><span style=\"font-weight: 400\">organizadores,\u00a0 o evento virtual registrou 5.203 inscri\u00e7\u00f5es, dos quais 1.435 foram de estrangeiros.\u00a0 O pa\u00eds com maior n\u00famero de participantes, depois do Brasil, com 3.768, foram os Estados Unidos, com 275 inscritos, e, na sequ\u00eancia, veio a China, com 142. O f\u00f3rum acontece at\u00e9 amanh\u00e3.<\/span><\/p>\n<p>&nbsp;<\/p>\n<p><span style=\"font-weight: 400\">Ao defender no discurso de cerca de 30 minutos a ado\u00e7\u00e3o de medidas para proteger o meio ambiente, uma exig\u00eancia de grandes investidores e de importadores europeus, principalmente, Guedes assegurou que o pa\u00eds vai se tornar \u201co centro da economia biosustent\u00e1vel&#8221;. &#8220;O Brasil, entre as economias do G20 (grupo das maiores economias do planeta), tem a matriz energ\u00e9tica mais limpa do mundo e est\u00e1 avan\u00e7ando na energia e\u00f3lica e estamos dando os primeiros passos na economia do hidrog\u00eanio\u201d, disse. \u201cA Amaz\u00f4nia ser\u00e1 um centro de provis\u00e3o de servi\u00e7os para a economia do meio ambiente. N\u00f3s sabemos que uma \u00e1rvore vive vale mais do que uma \u00e1rvore morta\u201d, adicionou o ministro.\u00a0<\/span><\/p>\n<p>&nbsp;<\/p>\n<p><span style=\"font-weight: 400\">A apresenta\u00e7\u00e3o de Guedes aos participantes do BIF foi virtual e ocorreu logo ap\u00f3s a abertura feita pelo ministro da Sa\u00fade, Marcelo Queiroga, que, em sua fala &#8212; dois dias ap\u00f3s dezenas de milhares de brasileiros irem \u00e0s ruas em v\u00e1rias capitais pedindo o impeachment do presidente Jair Bolsonaro pela m\u00e1 condu\u00e7\u00e3o no combate \u00e0 pandemia, chamada por ele de \u201cgripezinha\u201d &#8211;, fez quest\u00e3o de afirmar que existe um \u00fanico inimigo no pa\u00eds.\u00a0 \u201cN\u00f3s s\u00f3 temos um \u00fanico inimigo, o v\u00edrus\u201d, frisou.<\/span><\/p>\n<p>&nbsp;<\/p>\n<p>Resta saber se essa nova promessa de Guedes de focar na energia sustent\u00e1vel ser\u00e1 cumprida ou far\u00e1 parte do rol das promessas n\u00e3o cumpridas desde o in\u00edcio do governo, pois, at\u00e9 agora, o ministro n\u00e3o apresentou a proposta de reforma tribut\u00e1ria na \u00edntegra, que, no\u00a0 primeiro ano de mandato a volta da CPMF, que seria uma esp\u00e9cie de compensa\u00e7\u00e3o da desonera\u00e7\u00e3o da folha, e, at\u00e9 agora, o ministro n\u00e3o conseguiu emplacar dentro do governo..<\/p>\n<p>&nbsp;<\/p>\n<p><strong>&#8220;Novo horizonte de investimentos&#8221;<\/strong><\/p>\n<p>&nbsp;<\/p>\n<p><span style=\"font-weight: 400\">De acordo com o chefe da equipe econ\u00f4mica de Bolsonaro, com a vacina\u00e7\u00e3o em massa e as reformas econ\u00f4micas evoluindo, o Brasil poder\u00e1 ser o \u201cmaior horizonte de investimento mundial\u201d. Nesse sentido, ele citou que h\u00e1 mais de 150 ativos do programa de concess\u00f5es de infraestrutura e avan\u00e7os nos marcos regulat\u00f3rios da cabotagem e do setor el\u00e9trico, como ocorreu com o do g\u00e1s natural e do saneamento.\u00a0\u00a0<\/span><span style=\"font-weight: 400\">Ele ainda citou o marco regulat\u00f3rio das startups e refor\u00e7ou que o do setor el\u00e9trico ser\u00e1 focado na economia verde como medidas para atrair o capital estrangeiro. <\/span><\/p>\n<p>&nbsp;<\/p>\n<p><span style=\"font-weight: 400\">\u201cO Brasil ter\u00e1 o maior ecossistema de investimento na economia digital e na economia verde. O meio ambiente \u00e9 decisivo\u201d, disse. &#8220;Sabemos que o futuro \u00e9 verde e n\u00f3s sabemos que o futuro \u00e9 digital e o marco das startups n\u00e3o permite entrar nessa \u00e1rea\u201d, disse Guedes, ressaltando que o Brasil \u00e9 a \u201cterceira maior democracia digital do mundo\u201d, atr\u00e1s de Estados Unidos e da \u00cdndia, evitando citar a China.\u00a0<\/span><span style=\"font-weight: 400\">Segundo ele, a economia verde vai girar em torno da regi\u00e3o amaz\u00f4nica. \u201cQueremos ajuda e investimento de fora para construirmos esse futuro digital e nosso futuro verde\u201d, frisou.<\/span><\/p>\n<p>&nbsp;<\/p>\n<p><span style=\"font-weight: 400\">Durante a apresenta\u00e7\u00e3o virtual, Guedes voltou a prometer que o Brasil \u201cvai surpreender o mundo pelo terceiro ano consecutivo\u201d. Ele comemorou os dados melhores do que o esperado da atividade econ\u00f4mica no in\u00edcio do ano que est\u00e3o fazendo analistas do mercado melhorarem as previs\u00f5es para estimativas melhores do que as do governo.<\/span><\/p>\n<p>&nbsp;<\/p>\n<p><strong>Otimismo com a economia<\/strong><\/p>\n<p>&nbsp;<\/p>\n<p><span style=\"font-weight: 400\">O chefe da equipe econ\u00f4mica esbanjou otimismo com a recupera\u00e7\u00e3o da economia e com a arrecada\u00e7\u00e3o de tributos, que &#8220;bate recorde m\u00eas a m\u00eas&#8221;. A nova proje\u00e7\u00e3o da pasta para o Produto Interno Bruto (PIB) de 2021, foi revisada recentemente de 3,2% para 3,5%, e Guedes admitiu que &#8220;\u00e9 prov\u00e1vel que o PIB brasileiro cres\u00e7a acima disso&#8221;. <\/span><\/p>\n<p>&nbsp;<\/p>\n<p><span style=\"font-weight: 400\">&#8220;A economia brasileira est\u00e1 dando indica\u00e7\u00f5es de que pode crescer bem acima das nossas proje\u00e7\u00f5es deste ano, de 3,5%, porque as revis\u00f5es acima de 4%, com mediana de 4,5%, e, algumas de 5%, apontam crescimento em todas as regi\u00f5es e em todas as cidades&#8221;, avaliou ele, garantindo que o governo vai insistir em uma trajet\u00f3ria de responsabilidade com as contas p\u00fablicas. Contudo, Guedes n\u00e3o citou o risco de apag\u00e3o que o governo admitiu na semana passada e, muito menos, o desemprego recorde, de 14,7% da popula\u00e7\u00e3o que, segundo analistas, deve continuar elevado neste ano e prejudicar o processo de retomada.<\/span><\/p>\n<p>&nbsp;<\/p>\n<p>&#8220;Sabemos que temos que manter o compromisso da responsabilidade fiscal e apenas os gastos relacionados com a pandemia estar\u00e3o fora do teto de gastos&#8221;, disse. Ele voltou a prometer o lan\u00e7amento de programas de preserva\u00e7\u00e3o de emprego o B\u00f4nus de Inclus\u00e3o Produtiva e o B\u00f4nus de Incentivo \u00e0 Qualifica\u00e7\u00e3o (BIQ).\u00a0 &#8220;Esperamos criar alguns empregos para os 38 milh\u00f5es de brasileiros vulner\u00e1veis. Estamos tentando ver a ajuda com a vacina, de um lado, e a desonera\u00e7\u00e3o da folha, de outro&#8221;, afirmou.<\/p>\n<p>&nbsp;<\/p>\n<p><span style=\"font-weight: 400\">O ministro enumerou as a\u00e7\u00f5es do governo no ano passado nos repasses de recursos para os cidad\u00e3os e para estados e munic\u00edpios no combate aos efeitos econ\u00f4micos da pandemia. Ele voltou a afirmar que essas medidas ajudaram a amenizar a queda do PIB de 2020, de 4,1%, que ficou abaixo das proje\u00e7\u00f5es iniciais do mercado e de organismos internacionais.<\/span><\/p>\n<p>&nbsp;<\/p>\n<p>Guedes voltou a defender\u00a0<span style=\"font-weight: 400\">a vacina\u00e7\u00e3o em massa contra a covid-19 e, assim como Queiroga, garantiu que toda a popula\u00e7\u00e3o brasileira estar\u00e1 vacinada at\u00e9 o fim do ano e que o Brasil ser\u00e1 exportador do imunizante contra o novo coronav\u00edrus.\u00a0 &#8220;A<\/span>\u00a0vacina\u00e7\u00e3o em massa \u00e9 a principal pol\u00edtica econ\u00f4mica que podemos fazer agora, al\u00e9m de ser a principal pol\u00edtica de sa\u00fade p\u00fablica&#8221;, disse.\u00a0\u00a0<span style=\"font-weight: 400\">\u201cO Brasil \u00e9 um pa\u00eds que vacina habitualmente mais de 100 milh\u00f5es (de pessoas) todo o ano e, agora, com mais raz\u00e3o ainda, teremos nossa produ\u00e7\u00e3o pr\u00f3pria de vacina e ainda aceleramos a importa\u00e7\u00e3o\u201d, acrescentou, citando que os acordos vigentes foram ampliados.<\/span><\/p>\n","protected":false},"excerpt":{"rendered":"<p>ROSANA HESSEL Na contram\u00e3o das a\u00e7\u00f5es do ministro do Meio Ambiente, Ricardo Salles, que tem transformado o Brasil em um p\u00e1ria global, batendo recordes hist\u00f3ricos de desmatamento da Amaz\u00f4nia, afugentando investidores, especialmente de grandes fundos globais, o ministro da Economia, Paulo Guedes, partiu em defesa do meio ambiente, pelo menos, no discurso. Em evento para [&hellip;]<\/p>\n","protected":false},"author":22,"featured_media":15842,"comment_status":"open","ping_status":"closed","sticky":false,"template":"","format":"standard","meta":{"footnotes":""},"categories":[600],"tags":[5507,460,3613,1350,3718],"class_list":["post-19121","post","type-post","status-publish","format-standard","has-post-thumbnail","hentry","category-economia","tag-bif","tag-meio-ambiente","tag-paulo-guedes","tag-reforma-tributaria","tag-vacinacao"],"_links":{"self":[{"href":"https:\/\/blogs.correiobraziliense.com.br\/vicente\/wp-json\/wp\/v2\/posts\/19121","targetHints":{"allow":["GET"]}}],"collection":[{"href":"https:\/\/blogs.correiobraziliense.com.br\/vicente\/wp-json\/wp\/v2\/posts"}],"about":[{"href":"https:\/\/blogs.correiobraziliense.com.br\/vicente\/wp-json\/wp\/v2\/types\/post"}],"author":[{"embeddable":true,"href":"https:\/\/blogs.correiobraziliense.com.br\/vicente\/wp-json\/wp\/v2\/users\/22"}],"replies":[{"embeddable":true,"href":"https:\/\/blogs.correiobraziliense.com.br\/vicente\/wp-json\/wp\/v2\/comments?post=19121"}],"version-history":[{"count":18,"href":"https:\/\/blogs.correiobraziliense.com.br\/vicente\/wp-json\/wp\/v2\/posts\/19121\/revisions"}],"predecessor-version":[{"id":19151,"href":"https:\/\/blogs.correiobraziliense.com.br\/vicente\/wp-json\/wp\/v2\/posts\/19121\/revisions\/19151"}],"wp:featuredmedia":[{"embeddable":true,"href":"https:\/\/blogs.correiobraziliense.com.br\/vicente\/wp-json\/wp\/v2\/media\/15842"}],"wp:attachment":[{"href":"https:\/\/blogs.correiobraziliense.com.br\/vicente\/wp-json\/wp\/v2\/media?parent=19121"}],"wp:term":[{"taxonomy":"category","embeddable":true,"href":"https:\/\/blogs.correiobraziliense.com.br\/vicente\/wp-json\/wp\/v2\/categories?post=19121"},{"taxonomy":"post_tag","embeddable":true,"href":"https:\/\/blogs.correiobraziliense.com.br\/vicente\/wp-json\/wp\/v2\/tags?post=19121"}],"curies":[{"name":"wp","href":"https:\/\/api.w.org\/{rel}","templated":true}]}}