{"id":19112,"date":"2021-05-28T17:20:25","date_gmt":"2021-05-28T20:20:25","guid":{"rendered":"https:\/\/blogs.correiobraziliense.com.br\/vicente\/?p=19112"},"modified":"2021-05-28T21:13:47","modified_gmt":"2021-05-29T00:13:47","slug":"cb-agro-empregos-batem-recorde-no-agronegocio","status":"publish","type":"post","link":"https:\/\/blogs.correiobraziliense.com.br\/vicente\/cb-agro-empregos-batem-recorde-no-agronegocio\/","title":{"rendered":"CB.Agro: Empregos batem recorde no agroneg\u00f3cio"},"content":{"rendered":"<h2>Enquanto o grosso do pa\u00eds sofre com o desemprego, a agropecu\u00e1ria registrou o melhor primeiro quadrimestre do ano em termos de empregos desde 2011. Foram criados, no per\u00edodo, 70.721 postos de trabalho com carteira assinada, segundo levantamento da Confedera\u00e7\u00e3o da Agricultura e Pecu\u00e1ria do Brasil (CNA), com base em dados do Cadastro Geral de Empregados e Desempregados (Caged).<\/h2>\n<p>&nbsp;<\/p>\n<p>Apenas em abril, a agropecu\u00e1ria abriu 11.145 novas vagas, mais do que o triplo do observado em mar\u00e7o (3.535). As regi\u00f5es Sudeste, Nordeste e Centro-Oeste foram as que mais contrataram.<\/p>\n<p>&nbsp;<\/p>\n<p><em>Bras\u00edlia, 17h20min<\/em><\/p>\n","protected":false},"excerpt":{"rendered":"<p>Enquanto o grosso do pa\u00eds sofre com o desemprego, a agropecu\u00e1ria registrou o melhor primeiro quadrimestre do ano em termos de empregos desde 2011. Foram criados, no per\u00edodo, 70.721 postos de trabalho com carteira assinada, segundo levantamento da Confedera\u00e7\u00e3o da Agricultura e Pecu\u00e1ria do Brasil (CNA), com base em dados do Cadastro Geral de Empregados [&hellip;]<\/p>\n","protected":false},"author":22,"featured_media":10346,"comment_status":"open","ping_status":"closed","sticky":false,"template":"","format":"standard","meta":{"footnotes":""},"categories":[600],"tags":[5506,589,4547],"class_list":["post-19112","post","type-post","status-publish","format-standard","has-post-thumbnail","hentry","category-economia","tag-cb-agro-emprego-bate-recorde-no-campo","tag-economia","tag-negocios"],"_links":{"self":[{"href":"https:\/\/blogs.correiobraziliense.com.br\/vicente\/wp-json\/wp\/v2\/posts\/19112","targetHints":{"allow":["GET"]}}],"collection":[{"href":"https:\/\/blogs.correiobraziliense.com.br\/vicente\/wp-json\/wp\/v2\/posts"}],"about":[{"href":"https:\/\/blogs.correiobraziliense.com.br\/vicente\/wp-json\/wp\/v2\/types\/post"}],"author":[{"embeddable":true,"href":"https:\/\/blogs.correiobraziliense.com.br\/vicente\/wp-json\/wp\/v2\/users\/22"}],"replies":[{"embeddable":true,"href":"https:\/\/blogs.correiobraziliense.com.br\/vicente\/wp-json\/wp\/v2\/comments?post=19112"}],"version-history":[{"count":1,"href":"https:\/\/blogs.correiobraziliense.com.br\/vicente\/wp-json\/wp\/v2\/posts\/19112\/revisions"}],"predecessor-version":[{"id":19113,"href":"https:\/\/blogs.correiobraziliense.com.br\/vicente\/wp-json\/wp\/v2\/posts\/19112\/revisions\/19113"}],"wp:featuredmedia":[{"embeddable":true,"href":"https:\/\/blogs.correiobraziliense.com.br\/vicente\/wp-json\/wp\/v2\/media\/10346"}],"wp:attachment":[{"href":"https:\/\/blogs.correiobraziliense.com.br\/vicente\/wp-json\/wp\/v2\/media?parent=19112"}],"wp:term":[{"taxonomy":"category","embeddable":true,"href":"https:\/\/blogs.correiobraziliense.com.br\/vicente\/wp-json\/wp\/v2\/categories?post=19112"},{"taxonomy":"post_tag","embeddable":true,"href":"https:\/\/blogs.correiobraziliense.com.br\/vicente\/wp-json\/wp\/v2\/tags?post=19112"}],"curies":[{"name":"wp","href":"https:\/\/api.w.org\/{rel}","templated":true}]}}