{"id":19109,"date":"2021-05-28T17:10:34","date_gmt":"2021-05-28T20:10:34","guid":{"rendered":"https:\/\/blogs.correiobraziliense.com.br\/vicente\/?p=19109"},"modified":"2021-05-28T21:14:51","modified_gmt":"2021-05-29T00:14:51","slug":"cb-agro-para-governo-setor-de-carnes-deve-reduzir-margens-de-lucro","status":"publish","type":"post","link":"https:\/\/blogs.correiobraziliense.com.br\/vicente\/cb-agro-para-governo-setor-de-carnes-deve-reduzir-margens-de-lucro\/","title":{"rendered":"CB.Agro: Para governo, setor de carnes deve reduzir margens de lucro"},"content":{"rendered":"<h2>Ao mesmo tempo em que corre para tentar aprovar, no Congresso, o PLN 4, que garante recursos para o Plano Safra 2021\/22, o governo se v\u00ea no meio de um s\u00e9rio embate com os produtores de carnes. Eles querem uma s\u00e9rie de compensa\u00e7\u00f5es fiscais e a autoriza\u00e7\u00e3o para importa\u00e7\u00e3o de milho transg\u00eanico dos Estados Unidos para reduzirem os custos de produ\u00e7\u00e3o.<\/h2>\n<p>&nbsp;<\/p>\n<p>A alega\u00e7\u00e3o dos empres\u00e1rios \u00e9 de que, como as vendas de carnes no varejo est\u00e3o em queda livre, devido \u00e0 redu\u00e7\u00e3o do poder de compra dos consumidores, n\u00e3o conseguem repassar a alta dos custos para os pre\u00e7os. O resultado \u00e9 que muitos frigor\u00edficos que atendem quase que exclusivamente o mercado interno est\u00e3o fechando plantas e demitindo.<\/p>\n<p>&nbsp;<\/p>\n<p>T\u00e9cnicos da equipe econ\u00f4mica reconhecem os aumentos de custos dos produtores de carnes, mas garantem que os frigor\u00edficos, mesmo os de menor porte, t\u00eam gordura de sobra para queimar nas margens de lucro, pois as exporta\u00e7\u00f5es est\u00e3o a todo vapor, com o d\u00f3lar alto. Portanto, n\u00e3o precisam de incentivos fiscais, como pleiteiam.<\/p>\n<p>&nbsp;<\/p>\n<p>L\u00edder na press\u00e3o sobre o governo, a Associa\u00e7\u00e3o Brasileira de Prote\u00edna Animal (ABPA) afirma que o milho e a soja, que servem de ra\u00e7\u00e3o para gado, frangos e su\u00ednos, aumentaram, respectivamente, 180% e 140% do in\u00edcio de 2019 at\u00e9 agora. Tamb\u00e9m dispararam os pre\u00e7os do papel\u00e3o usado em embalagens (68%) e o \u00f3leo diesel que garante o frete (30%).<\/p>\n<p>&nbsp;<\/p>\n<p><em>Bras\u00edlia, 17h10min<\/em><\/p>\n","protected":false},"excerpt":{"rendered":"<p>Ao mesmo tempo em que corre para tentar aprovar, no Congresso, o PLN 4, que garante recursos para o Plano Safra 2021\/22, o governo se v\u00ea no meio de um s\u00e9rio embate com os produtores de carnes. Eles querem uma s\u00e9rie de compensa\u00e7\u00f5es fiscais e a autoriza\u00e7\u00e3o para importa\u00e7\u00e3o de milho transg\u00eanico dos Estados Unidos [&hellip;]<\/p>\n","protected":false},"author":22,"featured_media":19110,"comment_status":"open","ping_status":"closed","sticky":false,"template":"","format":"standard","meta":{"footnotes":""},"categories":[600],"tags":[5504,589,4943,4547,5505],"class_list":["post-19109","post","type-post","status-publish","format-standard","has-post-thumbnail","hentry","category-economia","tag-cb-agro-para-governo","tag-economia","tag-financas","tag-negocios","tag-setor-de-carnes-deve-reduzir-margens-de-lucro"],"_links":{"self":[{"href":"https:\/\/blogs.correiobraziliense.com.br\/vicente\/wp-json\/wp\/v2\/posts\/19109","targetHints":{"allow":["GET"]}}],"collection":[{"href":"https:\/\/blogs.correiobraziliense.com.br\/vicente\/wp-json\/wp\/v2\/posts"}],"about":[{"href":"https:\/\/blogs.correiobraziliense.com.br\/vicente\/wp-json\/wp\/v2\/types\/post"}],"author":[{"embeddable":true,"href":"https:\/\/blogs.correiobraziliense.com.br\/vicente\/wp-json\/wp\/v2\/users\/22"}],"replies":[{"embeddable":true,"href":"https:\/\/blogs.correiobraziliense.com.br\/vicente\/wp-json\/wp\/v2\/comments?post=19109"}],"version-history":[{"count":2,"href":"https:\/\/blogs.correiobraziliense.com.br\/vicente\/wp-json\/wp\/v2\/posts\/19109\/revisions"}],"predecessor-version":[{"id":19114,"href":"https:\/\/blogs.correiobraziliense.com.br\/vicente\/wp-json\/wp\/v2\/posts\/19109\/revisions\/19114"}],"wp:featuredmedia":[{"embeddable":true,"href":"https:\/\/blogs.correiobraziliense.com.br\/vicente\/wp-json\/wp\/v2\/media\/19110"}],"wp:attachment":[{"href":"https:\/\/blogs.correiobraziliense.com.br\/vicente\/wp-json\/wp\/v2\/media?parent=19109"}],"wp:term":[{"taxonomy":"category","embeddable":true,"href":"https:\/\/blogs.correiobraziliense.com.br\/vicente\/wp-json\/wp\/v2\/categories?post=19109"},{"taxonomy":"post_tag","embeddable":true,"href":"https:\/\/blogs.correiobraziliense.com.br\/vicente\/wp-json\/wp\/v2\/tags?post=19109"}],"curies":[{"name":"wp","href":"https:\/\/api.w.org\/{rel}","templated":true}]}}