{"id":19075,"date":"2021-05-28T11:26:13","date_gmt":"2021-05-28T14:26:13","guid":{"rendered":"https:\/\/blogs.correiobraziliense.com.br\/vicente\/?p=19075"},"modified":"2021-05-28T15:48:43","modified_gmt":"2021-05-28T18:48:43","slug":"banco-central-regista-aumento-de-102-nos-emprestimos-a-pessoa-fisica","status":"publish","type":"post","link":"https:\/\/blogs.correiobraziliense.com.br\/vicente\/banco-central-regista-aumento-de-102-nos-emprestimos-a-pessoa-fisica\/","title":{"rendered":"Banco Central regista aumento de 10,2% nos empr\u00e9stimos \u00e0 pessoa f\u00edsica"},"content":{"rendered":"<p>ROSANA HESSEL<\/p>\n<p>&nbsp;<\/p>\n<p><span style=\"font-weight: 400\">As concess\u00f5es totais de cr\u00e9dito junto ao Sistema Financeiro Nacional (SFN) cresceram 4,8% em abril, somando R$ 378,9 bilh\u00f5es, na s\u00e9rie com ajuste sazonal, puxado pelo crescimento de 10,2% nos empr\u00e9stimos \u00e0s pessoas f\u00edsicas, conforme dados do Banco Central divulgados nesta sexta-feira (28\/05) <a href=\"https:\/\/www.bcb.gov.br\/estatisticas\/estatisticasmonetariascredito\">na nota mensal de estat\u00edsticas monet\u00e1rias e de cr\u00e9dito.<\/a>\u00a0<\/span><\/p>\n<p>&nbsp;<\/p>\n<p><span style=\"font-weight: 400\">Em termos nominais, o volume das concess\u00f5es \u00e0s pessoas f\u00edsicas ficou est\u00e1vel em rela\u00e7\u00e3o a mar\u00e7o, em R$ 201 bilh\u00f5es.\u00a0<\/span><span style=\"font-weight: 400\">J\u00e1 varia\u00e7\u00e3o do cr\u00e9dito para pessoa jur\u00eddica ficou negativa em 0,3%, na mesma base de compara\u00e7\u00e3o.\u00a0<\/span><\/p>\n<p>&nbsp;<\/p>\n<p><span style=\"font-weight: 400\">Em 2021, comparado ao mesmo per\u00edodo de 2020, as concess\u00f5es dessazonalizadas das institui\u00e7\u00f5es financeiras privadas e p\u00fablicas cresceram 6,2%, compostas por contra\u00e7\u00e3o de 1,2% nos empr\u00e9stimos para pessoas jur\u00eddicas e de expans\u00e3o de 13,9% nos empr\u00e9stimos para pessoas f\u00edsicas, de acordo com os dados do BC.\u00a0\u00a0<\/span>Em mar\u00e7o, o volume combinado das concess\u00f5es do SFN somou R$ 406,8 bilh\u00f5es.<\/p>\n<p>&nbsp;<\/p>\n<p><span style=\"font-weight: 400\">O saldo das opera\u00e7\u00f5es de cr\u00e9dito junto ao SFN cresceu 0,5% no m\u00eas de abril, em termos nominais, somando R$ 4,1 trilh\u00f5es. A autoridade monet\u00e1ria informou que houve estabilidade na carteira de pessoas jur\u00eddicas, mantendo-se em R$ 1,8 trilh\u00e3o, e expans\u00e3o de 1% na de pessoas f\u00edsicas, para R$ 2,5 trilh\u00f5es, &#8220;o equivalente a um ter\u00e7o (33%) do Produto Interno Bruto (PIB) brasileiro, de acordo com o chefe do Departamento de Estat\u00edsticas do Banco Central, Fernando Rocha.<\/span><\/p>\n<p>&nbsp;<\/p>\n<p><span style=\"font-weight: 400\">O t\u00e9cnico destacou que, no acumulado em 12 meses, o crescimento da carteira total passou de 14,5%, em mar\u00e7o, para 15,1%, em abril. &#8220;Isso \u00e9 uma acelera\u00e7\u00e3o, mas est\u00e1 abaixo do valor de fevereiro, de 16%&#8221;, destacou. Segundo os dados do BC, a<\/span><span style=\"font-weight: 400\">\u00a0carteira dos empr\u00e9stimos das pessoas f\u00edsicas, que manteve acelera\u00e7\u00e3o, passando de 12,2% para 14,3%, enquanto a de pessoa jur\u00eddica permaneceu em trajet\u00f3ria de desacelera\u00e7\u00e3o, de 17,6% para 16,1%.<\/span><\/p>\n<p>&nbsp;<\/p>\n<p><span style=\"font-weight: 400\">O volume de cr\u00e9dito livre para pessoas jur\u00eddicas, ou seja, junto aos bancos privados, cresceu 0,3% no m\u00eas e 13,4% em 12 meses, para R$ 1,1 trilh\u00e3o. As modalidades de maior destaque foram adiantamentos sobre contratos de c\u00e2mbio e antecipa\u00e7\u00e3o de faturas de cart\u00e3o. O cr\u00e9dito livre a pessoas f\u00edsicas totalizou R$ 1,3 trilh\u00e3o (0,9% no m\u00eas e 14,7% em doze meses), com as maiores varia\u00e7\u00f5es nas modalidades de cr\u00e9dito consignado, tanto para setor p\u00fablico quanto para aposentados e pensionistas.<\/span><\/p>\n<p>&nbsp;<\/p>\n<p><span style=\"font-weight: 400\">No cr\u00e9dito direcionado, ou seja, junto aos bancos p\u00fablicos, a carteira de pessoas jur\u00eddicas encolheu 0,6% no m\u00eas, devido \u00e0 retra\u00e7\u00e3o dos empr\u00e9stimos, principalmente, do Banco Nacional de Desenvolvimento Econ\u00f4mico e Social (BNDES), para R$ 679 bilh\u00f5es. Em 12 meses, a carteira cresceu 20,9%, influenciada pelo aumento de outras opera\u00e7\u00f5es com recursos direcionados que englobam os programas emergenciais de cr\u00e9dito em 2020.\u00a0<\/span><\/p>\n<p>&nbsp;<\/p>\n<p><span style=\"font-weight: 400\">J\u00e1 o saldo dos empr\u00e9stimos junto aos bancos p\u00fablicos com pessoas f\u00edsicas, principalmente, financiamento imobili\u00e1rio e cr\u00e9dito rural, cresceu 1%, no m\u00eas, e 13,9%, no ano, para R$ 1 trilh\u00e3o.\u00a0<\/span><\/p>\n<p>&nbsp;<\/p>\n<p><strong>Indicador de custo<\/strong><\/p>\n<p>&nbsp;<\/p>\n<p><span style=\"font-weight: 400\">O Indicador de Custo do Cr\u00e9dito (ICC), que mede o custo m\u00e9dio de todo o cr\u00e9dito do SFN, aumentou 0,1 ponto percentual em abril,\u00a0 na compara\u00e7\u00e3o com o m\u00eas anterior, para 17,2% ao ano. Em rela\u00e7\u00e3o ao mesmo per\u00edodo de 2020, houve queda de 2,5 ponto percentual, de acordo com os dados do BC.\u00a0<\/span><\/p>\n<p>&nbsp;<\/p>\n<p><span style=\"font-weight: 400\">No cr\u00e9dito livre n\u00e3o rotativo, o ICC permaneceu est\u00e1vel no m\u00eas, 22,6% ao ano e o spread geral do ICC aumentou 0,1 ponto percentual em rela\u00e7\u00e3o a mar\u00e7o, para 12,2 pontos percentual.<\/span><\/p>\n<p>&nbsp;<\/p>\n<p><span style=\"font-weight: 400\">A taxa m\u00e9dia de juros das opera\u00e7\u00f5es contratadas em abril aumentou 0,3 ponto percentual, para 20,3% ao ano, mas redu\u00e7\u00e3o de 1,2 ponto percentual na compara\u00e7\u00e3o em 12 meses. O spread (indicador que inclui margem de lucro e despesas operacionais dos bancos) geral das taxas das concess\u00f5es situou-se em 15 pontos percentuais, com decl\u00ednios de 0,1 ponto percentual e de 2,2 pontos percentuais, nos mesmos per\u00edodos.\u00a0\u00a0<\/span><\/p>\n<p>&nbsp;<\/p>\n<p><span style=\"font-weight: 400\">No cr\u00e9dito livre, a taxa m\u00e9dia de juros das concess\u00f5es subiu 0,5 ponto percentual no m\u00eas, para 29% ao ano. Na compara\u00e7\u00e3o anual, houve queda de 2,3 pontos percentuais. No cr\u00e9dito livre \u00e0s fam\u00edlias, os juros atingiram 41% ao ano, com alta de 0,1 ponto em abril. Na compara\u00e7\u00e3o interanual, a taxa do cr\u00e9dito livre \u00e0s fam\u00edlias apresentou redu\u00e7\u00e3o de 3,7 pontos percentuais.<\/span><\/p>\n<p>&nbsp;<\/p>\n<p><span style=\"font-weight: 400\">A inadimpl\u00eancia m\u00e9dia subiu 0,1 ponto percentual, para 2,2%, puxada pelo segmento de pessoas jur\u00eddicas. Nas opera\u00e7\u00f5es com recursos livres, a inadimpl\u00eancia permaneceu est\u00e1vel em 2,9%, enquanto nas com recursos direcionados, situou-se em 1,2%.<\/span><\/p>\n<p>&nbsp;<\/p>\n<p><strong>Base monet\u00e1ria<\/strong><\/p>\n<p><span style=\"font-weight: 400\">\u00a0<\/span><\/p>\n<p><span style=\"font-weight: 400\">A base monet\u00e1ria, que representa o volume de dinheiro em circula\u00e7\u00e3o, registrou aumento de 3,6% no m\u00eas e de 24,8% em 12 meses, para R$ 420,1 bilh\u00f5es em abril, aumento de 3,6% no m\u00eas e de 24,8% em doze meses. No m\u00eas, volume de papel-moeda emitido encolheu 0,9% e as reservas banc\u00e1rias aumentaram 28,3%.<\/span><\/p>\n<p>&nbsp;<\/p>\n<p><span style=\"font-weight: 400\">Entre os fluxos mensais dos fatores condicionantes da base monet\u00e1ria, atuaram de forma contracionista as opera\u00e7\u00f5es do Tesouro Nacional (R$ 5,4 bilh\u00f5es), as com derivativos (R$ 30,4 bilh\u00f5es), as da Linha Tempor\u00e1ria Especial de Liquidez (R$ 6,7 bilh\u00f5es) e os dep\u00f3sitos de institui\u00e7\u00f5es financeiras (R$0,9 bilh\u00e3o, com destaque para recolhimentos de recursos de dep\u00f3sitos a prazo, R$ 0,6 bilh\u00e3o, e de recursos de dep\u00f3sitos de poupan\u00e7a, R$1,1 bilh\u00e3o). Foram expansionistas as opera\u00e7\u00f5es com t\u00edtulos p\u00fablicos, R$ 51,2 bilh\u00f5es (resgates l\u00edquidos de R$ 161,4 bilh\u00f5es no mercado prim\u00e1rio e vendas l\u00edquidas de R$110,2 bilh\u00f5es no mercado secund\u00e1rio), e as do setor externo, R$9,4 bilh\u00f5es, conforme o comunicado do BC.<\/span><\/p>\n<p>&nbsp;<\/p>\n<p>&nbsp;<\/p>\n","protected":false},"excerpt":{"rendered":"<p>ROSANA HESSEL &nbsp; As concess\u00f5es totais de cr\u00e9dito junto ao Sistema Financeiro Nacional (SFN) cresceram 4,8% em abril, somando R$ 378,9 bilh\u00f5es, na s\u00e9rie com ajuste sazonal, puxado pelo crescimento de 10,2% nos empr\u00e9stimos \u00e0s pessoas f\u00edsicas, conforme dados do Banco Central divulgados nesta sexta-feira (28\/05) na nota mensal de estat\u00edsticas monet\u00e1rias e de cr\u00e9dito.\u00a0 [&hellip;]<\/p>\n","protected":false},"author":22,"featured_media":15102,"comment_status":"open","ping_status":"closed","sticky":false,"template":"","format":"standard","meta":{"footnotes":""},"categories":[600],"tags":[3,103,2225,905,4,5501],"class_list":["post-19075","post","type-post","status-publish","format-standard","has-post-thumbnail","hentry","category-economia","tag-banco-central","tag-credito","tag-emprestimos","tag-financiamento","tag-juros","tag-pessoa-fisica"],"_links":{"self":[{"href":"https:\/\/blogs.correiobraziliense.com.br\/vicente\/wp-json\/wp\/v2\/posts\/19075","targetHints":{"allow":["GET"]}}],"collection":[{"href":"https:\/\/blogs.correiobraziliense.com.br\/vicente\/wp-json\/wp\/v2\/posts"}],"about":[{"href":"https:\/\/blogs.correiobraziliense.com.br\/vicente\/wp-json\/wp\/v2\/types\/post"}],"author":[{"embeddable":true,"href":"https:\/\/blogs.correiobraziliense.com.br\/vicente\/wp-json\/wp\/v2\/users\/22"}],"replies":[{"embeddable":true,"href":"https:\/\/blogs.correiobraziliense.com.br\/vicente\/wp-json\/wp\/v2\/comments?post=19075"}],"version-history":[{"count":10,"href":"https:\/\/blogs.correiobraziliense.com.br\/vicente\/wp-json\/wp\/v2\/posts\/19075\/revisions"}],"predecessor-version":[{"id":19106,"href":"https:\/\/blogs.correiobraziliense.com.br\/vicente\/wp-json\/wp\/v2\/posts\/19075\/revisions\/19106"}],"wp:featuredmedia":[{"embeddable":true,"href":"https:\/\/blogs.correiobraziliense.com.br\/vicente\/wp-json\/wp\/v2\/media\/15102"}],"wp:attachment":[{"href":"https:\/\/blogs.correiobraziliense.com.br\/vicente\/wp-json\/wp\/v2\/media?parent=19075"}],"wp:term":[{"taxonomy":"category","embeddable":true,"href":"https:\/\/blogs.correiobraziliense.com.br\/vicente\/wp-json\/wp\/v2\/categories?post=19075"},{"taxonomy":"post_tag","embeddable":true,"href":"https:\/\/blogs.correiobraziliense.com.br\/vicente\/wp-json\/wp\/v2\/tags?post=19075"}],"curies":[{"name":"wp","href":"https:\/\/api.w.org\/{rel}","templated":true}]}}