{"id":19034,"date":"2021-05-26T15:01:19","date_gmt":"2021-05-26T18:01:19","guid":{"rendered":"https:\/\/blogs.correiobraziliense.com.br\/vicente\/?p=19034"},"modified":"2021-05-26T20:23:28","modified_gmt":"2021-05-26T23:23:28","slug":"bem-ajuda-a-preservar-31-milhoes-de-empregos-formais-no-mes-de-abril","status":"publish","type":"post","link":"https:\/\/blogs.correiobraziliense.com.br\/vicente\/bem-ajuda-a-preservar-31-milhoes-de-empregos-formais-no-mes-de-abril\/","title":{"rendered":"BEm ajuda a preservar 3,1 milh\u00f5es de empregos formais no m\u00eas de abril"},"content":{"rendered":"<h2>ROSANA HESSEL<\/h2>\n<h2><\/h2>\n<h2>Conforme dados do Minist\u00e9rio da Economia , divulgados nesta quarta-feira (26\/05), pouco mais de 3 milh\u00f5es de trabalhadores tiveram o emprego preservado no m\u00eas de abril gra\u00e7as ao Benef\u00edcio Emergencial de Preserva\u00e7\u00e3o do Emprego e da Renda (BEm). O programa foi suspenso em dezembro de 2020 e, no fim de abril, foi renovado por mais quatro meses.<\/h2>\n<p>&nbsp;<\/p>\n<p>Segundo a pasta, 2,9 milh\u00f5es dessas vagas mantidas no m\u00eas passado s\u00e3o referentes aos contratos assinados em 2020. Outros 208,9 mil, de acordos firmados entre os dias 28 e 30 de abril, ap\u00f3s a reedi\u00e7\u00e3o do BEm no m\u00eas passado. Com isso, 3,1 milh\u00f5es de vagas preservadas pelo programa, considerando as duas edi\u00e7\u00f5es.<\/p>\n<p>&nbsp;<\/p>\n<p>J\u00e1 no m\u00eas de maio, outros 1,7 milh\u00e3o de acordos foram assinados at\u00e9 o dia 17.\u00a0 Ao todo, foram assinados 1,9 milh\u00e3o de contratos, conforme os dados preliminares da pasta referentes \u00e0 nova rodada do BEm.<\/p>\n<p>&nbsp;<\/p>\n<p>O BEm \u00e9 um programa que permite a redu\u00e7\u00e3o da jornada ou de sal\u00e1rio e garante um aux\u00edlio ao empregador, que tem o compromisso de manter o trabalhador empregado pelo mesmo per\u00edodo em que durar o acordo. No ano passado, esse socorro ao setor produtivo ajudou a preservar 10 milh\u00f5es de empregos e foram desembolsados R$ 33,5 bilh\u00f5es com o programa.<\/p>\n<p>&nbsp;<\/p>\n<p>Na nova edi\u00e7\u00e3o do benef\u00edcio, que s\u00f3 entrou em vigor no fim de abril, est\u00e3o previstos cerca de R$ 10 bilh\u00f5es em gastos p\u00fablicos, sendo que, R$ 5,4 bilh\u00f5es j\u00e1 foram comprometidos, de acordo com dados do \u00f3rg\u00e3o. Dos 1,9 milh\u00e3o de acordos firmados, pouco mais da metade, 1,1 milh\u00e3o, prev\u00ea a redu\u00e7\u00e3o de sal\u00e1rios de 25% a 70%.\u00a0 Al\u00e9m disso, o setor de servi\u00e7os responde por 1,017 milh\u00e3o dos acordos firmados, seguido por com\u00e9rcio, com 493,7 mil.<\/p>\n<p>&nbsp;<\/p>\n<p>Os n\u00fameros foram\u00a0apresentados pelo Minist\u00e9rio da Economia, hoje, durante a divulga\u00e7\u00e3o dos dados do\u00a0Cadastro Geral de Empegados e Desempregados (Caged).\u00a0 <a href=\"https:\/\/blogs.correiobraziliense.com.br\/vicente\/bem-ajuda-a-preservar-31-milhoes-de-empregos-formais-no-mes-de-abril\/\">Em abril, foram criados 120.935 mil empregos formais, dado 31,8% inferior ao volume de mar\u00e7o, quando foram geradas 177.352 vagas com carteira assinada.<\/a><\/p>\n<p>&nbsp;<\/p>\n<p>Durante a apresenta\u00e7\u00e3o dos dados do Caged, o ministro da Economia, Paulo Guedes, minimizou a desacelera\u00e7\u00e3o na gera\u00e7\u00e3o de vagas formais e destacou que &#8220;todo m\u00eas est\u00e3o sendo criados empregos&#8221; no pa\u00eds. De acordo com ele, quase um milh\u00e3o de postos de trabalho foram criados desde janeiro deste ano, em um sinal da retomada da economia ap\u00f3s a recess\u00e3o provocada pela pandemia da covid-19 no ano passado, quando o Produto Interno Bruto (PIB), encolheu 4,1%.<\/p>\n<p>&nbsp;<\/p>\n<p>&#8220;No primeiro grande impacto (da pandemia) da perdemos quase 800 mil empregos (em abril do ano passado). Depois, come\u00e7amos uma recupera\u00e7\u00e3o e essa recupera\u00e7\u00e3o prossegue&#8221;, disse o ministro, durante a entrevista virtual a jornalistas. Ao comentar sobre os dados de abril e o acumulado de 957.889 vagas novas no primeiro quadrimestre do ano, ele acrescentou que,\u00a0 &#8220;o pa\u00eds criou 2,2 milh\u00f5es de empregos formais desde julho do ano passado&#8221;.<\/p>\n<p>&nbsp;<\/p>\n<p>&#8220;O interessante \u00e9 a for\u00e7a da recupera\u00e7\u00e3o criamos, um milh\u00e3o de empregos em 2020, e estamos nos aproximando de quase um milh\u00e3o nesses quatro meses&#8221;, disse Guedes. Ele reconheceu que o ritmo de cria\u00e7\u00e3o de emprego em abril &#8220;foi mais lento&#8221;, devido \u00e0 segunda onda da pandemia da covid-19 que provocou um grande impacto com um grande n\u00famero de mortes no pa\u00eds. &#8220;Ainda assim prossegue forte o mercado de trabalho&#8221;, assegurou. De acordo com o ministro, a continuidade desse ritmo de cria\u00e7\u00e3o de emprego est\u00e1 atrelada ao avan\u00e7o das reformas e da vacina\u00e7\u00e3o em massa.<\/p>\n<p>&nbsp;<\/p>\n<p>&nbsp;<\/p>\n<p>&nbsp;<\/p>\n","protected":false},"excerpt":{"rendered":"<p>ROSANA HESSEL Conforme dados do Minist\u00e9rio da Economia , divulgados nesta quarta-feira (26\/05), pouco mais de 3 milh\u00f5es de trabalhadores tiveram o emprego preservado no m\u00eas de abril gra\u00e7as ao Benef\u00edcio Emergencial de Preserva\u00e7\u00e3o do Emprego e da Renda (BEm). O programa foi suspenso em dezembro de 2020 e, no fim de abril, foi renovado [&hellip;]<\/p>\n","protected":false},"author":22,"featured_media":15842,"comment_status":"open","ping_status":"closed","sticky":false,"template":"","format":"standard","meta":{"footnotes":""},"categories":[600],"tags":[413,5495,3666,3613],"class_list":["post-19034","post","type-post","status-publish","format-standard","has-post-thumbnail","hentry","category-economia","tag-caged","tag-emprego-formal","tag-ministerio-da-economia","tag-paulo-guedes"],"_links":{"self":[{"href":"https:\/\/blogs.correiobraziliense.com.br\/vicente\/wp-json\/wp\/v2\/posts\/19034","targetHints":{"allow":["GET"]}}],"collection":[{"href":"https:\/\/blogs.correiobraziliense.com.br\/vicente\/wp-json\/wp\/v2\/posts"}],"about":[{"href":"https:\/\/blogs.correiobraziliense.com.br\/vicente\/wp-json\/wp\/v2\/types\/post"}],"author":[{"embeddable":true,"href":"https:\/\/blogs.correiobraziliense.com.br\/vicente\/wp-json\/wp\/v2\/users\/22"}],"replies":[{"embeddable":true,"href":"https:\/\/blogs.correiobraziliense.com.br\/vicente\/wp-json\/wp\/v2\/comments?post=19034"}],"version-history":[{"count":13,"href":"https:\/\/blogs.correiobraziliense.com.br\/vicente\/wp-json\/wp\/v2\/posts\/19034\/revisions"}],"predecessor-version":[{"id":19059,"href":"https:\/\/blogs.correiobraziliense.com.br\/vicente\/wp-json\/wp\/v2\/posts\/19034\/revisions\/19059"}],"wp:featuredmedia":[{"embeddable":true,"href":"https:\/\/blogs.correiobraziliense.com.br\/vicente\/wp-json\/wp\/v2\/media\/15842"}],"wp:attachment":[{"href":"https:\/\/blogs.correiobraziliense.com.br\/vicente\/wp-json\/wp\/v2\/media?parent=19034"}],"wp:term":[{"taxonomy":"category","embeddable":true,"href":"https:\/\/blogs.correiobraziliense.com.br\/vicente\/wp-json\/wp\/v2\/categories?post=19034"},{"taxonomy":"post_tag","embeddable":true,"href":"https:\/\/blogs.correiobraziliense.com.br\/vicente\/wp-json\/wp\/v2\/tags?post=19034"}],"curies":[{"name":"wp","href":"https:\/\/api.w.org\/{rel}","templated":true}]}}