{"id":19028,"date":"2021-05-26T12:26:05","date_gmt":"2021-05-26T15:26:05","guid":{"rendered":"https:\/\/blogs.correiobraziliense.com.br\/vicente\/?p=19028"},"modified":"2021-05-26T19:27:11","modified_gmt":"2021-05-26T22:27:11","slug":"governo-registra-120-935-vagas-formais-criadas-em-abril","status":"publish","type":"post","link":"https:\/\/blogs.correiobraziliense.com.br\/vicente\/governo-registra-120-935-vagas-formais-criadas-em-abril\/","title":{"rendered":"Governo registra 120.935 vagas formais criadas em abril"},"content":{"rendered":"<h2>ROSANA HESSEL<\/h2>\n<h2><\/h2>\n<h2>O mercado de trabalho formal apresentou crescimento em abril,\u00a0 registrando saldo positivo de 120.935 vagas no Cadastro Geral de Empregados e Desempregados (Caged), conforme dados do Minist\u00e9rio da Economia divulgados nesta quarta-feira (26\/05).<\/h2>\n<p>&nbsp;<\/p>\n<p>O dado ficou abaixo das previs\u00f5es do mercado, que esperava a cria\u00e7\u00e3o de 155 mil vagas no m\u00eas passado, e ainda mostrou desacelera\u00e7\u00e3o em compara\u00e7\u00e3o com os 177.352 novos postos contabilizados em mar\u00e7o, ou seja, queda de 31,8%, considerando os dados ajustados do \u00f3rg\u00e3o.<\/p>\n<p>&nbsp;<\/p>\n<p>O resultado de abril foi decorrente da diferen\u00e7a entre 1.381.767 admiss\u00f5es e 1.260.832 desligamentos. Ao todo, o Caged contabilizou 40.320.857 de v\u00ednculos empregat\u00edcios formais em abril, o que representa uma varia\u00e7\u00e3o de 0,30% em rela\u00e7\u00e3o ao estoque do m\u00eas anterior.<\/p>\n<p>&nbsp;<\/p>\n<p>No acumulado de janeiro at\u00e9 abril, o saldo positivo foi de 957.889 empregos criados, decorrente de 6.406.478 admiss\u00f5es e de<br \/>\n5.448.589 desligamentos, considerando ajustes do Caged.<\/p>\n<p>&nbsp;<\/p>\n<p>Os n\u00fameros mostraram ainda saldo positivo no emprego nos cinco grupos de atividades observados na pesquisa e em todas as regi\u00f5es do pa\u00eds. No de servi\u00e7os, foram 57.610 novos postos de trabalho, com o segmento de administra\u00e7\u00e3o p\u00fablica, defesa,\u00a0seguridade social, educa\u00e7\u00e3o, sa\u00fade humana e servi\u00e7os sociais sendo respons\u00e1vel por 37.129 vagas desse total.<\/p>\n<p>&nbsp;<\/p>\n<p>Na \u00e1rea de constru\u00e7\u00e3o, foram criados 22.224 postos em abril e, na ind\u00fastria geral, 19.884 postos.\u00a0 Agricultura,\u00a0pecu\u00e1ria, produ\u00e7\u00e3o florestal, pesca e aquicultura responderam por 11.145 novas vagas e, com\u00e9rcio, repara\u00e7\u00e3o de ve\u00edculos automotores e motocicletas, por 10.124, no mesmo per\u00edodo.<\/p>\n<p>&nbsp;<\/p>\n<p>O sal\u00e1rio m\u00e9dio das admiss\u00f5es em abril foi de R$ 1.855,52, levemente acima dos R$ 1.809,50 de mar\u00e7o, mas 4,9% abaixo dos R$ 1.953,37 pagos em abril de 2020.<\/p>\n<p>&nbsp;<\/p>\n","protected":false},"excerpt":{"rendered":"<p>ROSANA HESSEL O mercado de trabalho formal apresentou crescimento em abril,\u00a0 registrando saldo positivo de 120.935 vagas no Cadastro Geral de Empregados e Desempregados (Caged), conforme dados do Minist\u00e9rio da Economia divulgados nesta quarta-feira (26\/05). &nbsp; O dado ficou abaixo das previs\u00f5es do mercado, que esperava a cria\u00e7\u00e3o de 155 mil vagas no m\u00eas passado, [&hellip;]<\/p>\n","protected":false},"author":22,"featured_media":17184,"comment_status":"open","ping_status":"closed","sticky":false,"template":"","format":"standard","meta":{"footnotes":""},"categories":[600],"tags":[413,5495],"class_list":["post-19028","post","type-post","status-publish","format-standard","has-post-thumbnail","hentry","category-economia","tag-caged","tag-emprego-formal"],"_links":{"self":[{"href":"https:\/\/blogs.correiobraziliense.com.br\/vicente\/wp-json\/wp\/v2\/posts\/19028","targetHints":{"allow":["GET"]}}],"collection":[{"href":"https:\/\/blogs.correiobraziliense.com.br\/vicente\/wp-json\/wp\/v2\/posts"}],"about":[{"href":"https:\/\/blogs.correiobraziliense.com.br\/vicente\/wp-json\/wp\/v2\/types\/post"}],"author":[{"embeddable":true,"href":"https:\/\/blogs.correiobraziliense.com.br\/vicente\/wp-json\/wp\/v2\/users\/22"}],"replies":[{"embeddable":true,"href":"https:\/\/blogs.correiobraziliense.com.br\/vicente\/wp-json\/wp\/v2\/comments?post=19028"}],"version-history":[{"count":10,"href":"https:\/\/blogs.correiobraziliense.com.br\/vicente\/wp-json\/wp\/v2\/posts\/19028\/revisions"}],"predecessor-version":[{"id":19057,"href":"https:\/\/blogs.correiobraziliense.com.br\/vicente\/wp-json\/wp\/v2\/posts\/19028\/revisions\/19057"}],"wp:featuredmedia":[{"embeddable":true,"href":"https:\/\/blogs.correiobraziliense.com.br\/vicente\/wp-json\/wp\/v2\/media\/17184"}],"wp:attachment":[{"href":"https:\/\/blogs.correiobraziliense.com.br\/vicente\/wp-json\/wp\/v2\/media?parent=19028"}],"wp:term":[{"taxonomy":"category","embeddable":true,"href":"https:\/\/blogs.correiobraziliense.com.br\/vicente\/wp-json\/wp\/v2\/categories?post=19028"},{"taxonomy":"post_tag","embeddable":true,"href":"https:\/\/blogs.correiobraziliense.com.br\/vicente\/wp-json\/wp\/v2\/tags?post=19028"}],"curies":[{"name":"wp","href":"https:\/\/api.w.org\/{rel}","templated":true}]}}