{"id":19009,"date":"2021-05-25T22:01:44","date_gmt":"2021-05-26T01:01:44","guid":{"rendered":"https:\/\/blogs.correiobraziliense.com.br\/vicente\/?p=19009"},"modified":"2021-05-25T22:34:04","modified_gmt":"2021-05-26T01:34:04","slug":"general-rego-barros-diz-que-ganancia-dos-atuais-detentores-do-poder-contraria-principios-da-democracia","status":"publish","type":"post","link":"https:\/\/blogs.correiobraziliense.com.br\/vicente\/general-rego-barros-diz-que-ganancia-dos-atuais-detentores-do-poder-contraria-principios-da-democracia\/","title":{"rendered":"General R\u00eago Barros diz que gan\u00e2ncia dos atuais detentores do poder contraria princ\u00edpios da democracia"},"content":{"rendered":"<h2>Ex-porta-voz da Presid\u00eancia da Rep\u00fablica, o general Ot\u00e1vio do R\u00eago Barros diz que a gan\u00e2ncia dos atuais detentores do poder contraria os &#8220;os princ\u00edpios mais salutares da altern\u00e2ncia de poder das democracias maduras&#8221;. E isso, no entender dele, vem causando afli\u00e7\u00e3o em v\u00e1rios segmentos da sociedade.<\/h2>\n<p>&nbsp;<\/p>\n<p>Quem acompanha as declara\u00e7\u00f5es do presidente Jair Bolsonaro e dos filhos dele compreendem, de imediato, o alerta do general. A fam\u00edlia presidencial j\u00e1 est\u00e1 disseminando o discurso de que, caso Bolsonaro n\u00e3o seja reeleito em 2022, \u00e9 porque houve fraude no sistema eleitoral. Por isso, vendem como verdade que s\u00f3 o voto impresso pode evitar a derrota do mandat\u00e1rio.<\/p>\n<p>&nbsp;<\/p>\n<p>Mais: a m\u00e1quina que atua a favor do governo defende a estrutura\u00e7\u00e3o de grupos armados, dispostos a manter Bolosonaro no comando do pa\u00eds, mesmo que seja adotada uma ditadura militar tendo o ex-capit\u00e3o do Ex\u00e9rcito com chefe. N\u00e3o por acaso, as institui\u00e7\u00f5es democr\u00e1ticas est\u00e3o sob constantes ataques.<\/p>\n<p>&nbsp;<\/p>\n<p>O general ressalta, <a href=\"https:\/\/www.correiobraziliense.com.br\/opiniao\/2021\/05\/4926643-a-estreita-senda--da-racionalidade.html\">em artigo publicado no <strong>Correio<\/strong><\/a>, ver uma armadilha no atual ambiente pol\u00edtico que pode irromper um conflito social de &#8220;dimens\u00e3o n\u00e3o avali\u00e1vel em m\u00e9dio espa\u00e7o de tempo, dada \u00e0 polariza\u00e7\u00e3o vigente do manique\u00edsmo que tomou conta de parte de grupos ant\u00edpodas (estados de disputa)&#8221;.<\/p>\n<p>&nbsp;<\/p>\n<p>Na avalia\u00e7\u00e3o de R\u00eago Barros, os sistemas de freios e contrapesos do sistema ajustariam a temperatura, mas, segundo ele, &#8220;n\u00e3o se passaram 30 dias e a tromba d&#8217;\u00e1gua que se formou na cabeceira do rio do ambiente pol\u00edtico, potencializada pela gest\u00e3o sanit\u00e1ria e as investiga\u00e7\u00f5es decorrentes&#8221;, explicitando que &#8220;a senda da institucionalidade est\u00e1 se tornando estreita, com riscos de dificuldades mais adiante&#8221;.<\/p>\n<p>&nbsp;<\/p>\n<p><em>Bras\u00edlia, 221h01min<\/em><\/p>\n","protected":false},"excerpt":{"rendered":"<p>Ex-porta-voz da Presid\u00eancia da Rep\u00fablica, o general Ot\u00e1vio do R\u00eago Barros diz que a gan\u00e2ncia dos atuais detentores do poder contraria os &#8220;os princ\u00edpios mais salutares da altern\u00e2ncia de poder das democracias maduras&#8221;. E isso, no entender dele, vem causando afli\u00e7\u00e3o em v\u00e1rios segmentos da sociedade. &nbsp; Quem acompanha as declara\u00e7\u00f5es do presidente Jair Bolsonaro [&hellip;]<\/p>\n","protected":false},"author":22,"featured_media":12208,"comment_status":"open","ping_status":"closed","sticky":false,"template":"","format":"standard","meta":{"footnotes":""},"categories":[600],"tags":[926,5493,5492,2787],"class_list":["post-19009","post","type-post","status-publish","format-standard","has-post-thumbnail","hentry","category-economia","tag-brasilia","tag-general-rego-barros-diz-que-ganancia-dos-atuais-detentores-do-poder-contraria-principios-da-democracia","tag-pode","tag-politica"],"_links":{"self":[{"href":"https:\/\/blogs.correiobraziliense.com.br\/vicente\/wp-json\/wp\/v2\/posts\/19009","targetHints":{"allow":["GET"]}}],"collection":[{"href":"https:\/\/blogs.correiobraziliense.com.br\/vicente\/wp-json\/wp\/v2\/posts"}],"about":[{"href":"https:\/\/blogs.correiobraziliense.com.br\/vicente\/wp-json\/wp\/v2\/types\/post"}],"author":[{"embeddable":true,"href":"https:\/\/blogs.correiobraziliense.com.br\/vicente\/wp-json\/wp\/v2\/users\/22"}],"replies":[{"embeddable":true,"href":"https:\/\/blogs.correiobraziliense.com.br\/vicente\/wp-json\/wp\/v2\/comments?post=19009"}],"version-history":[{"count":1,"href":"https:\/\/blogs.correiobraziliense.com.br\/vicente\/wp-json\/wp\/v2\/posts\/19009\/revisions"}],"predecessor-version":[{"id":19010,"href":"https:\/\/blogs.correiobraziliense.com.br\/vicente\/wp-json\/wp\/v2\/posts\/19009\/revisions\/19010"}],"wp:featuredmedia":[{"embeddable":true,"href":"https:\/\/blogs.correiobraziliense.com.br\/vicente\/wp-json\/wp\/v2\/media\/12208"}],"wp:attachment":[{"href":"https:\/\/blogs.correiobraziliense.com.br\/vicente\/wp-json\/wp\/v2\/media?parent=19009"}],"wp:term":[{"taxonomy":"category","embeddable":true,"href":"https:\/\/blogs.correiobraziliense.com.br\/vicente\/wp-json\/wp\/v2\/categories?post=19009"},{"taxonomy":"post_tag","embeddable":true,"href":"https:\/\/blogs.correiobraziliense.com.br\/vicente\/wp-json\/wp\/v2\/tags?post=19009"}],"curies":[{"name":"wp","href":"https:\/\/api.w.org\/{rel}","templated":true}]}}