{"id":1899,"date":"2016-07-11T11:30:42","date_gmt":"2016-07-11T14:30:42","guid":{"rendered":"https:\/\/blogs.correiobraziliense.com.br\/vicente\/?p=1899"},"modified":"2016-07-11T16:14:57","modified_gmt":"2016-07-11T19:14:57","slug":"funcionalismo-publico-promete-radicalizar-se-reajuste-nao-vier","status":"publish","type":"post","link":"https:\/\/blogs.correiobraziliense.com.br\/vicente\/funcionalismo-publico-promete-radicalizar-se-reajuste-nao-vier\/","title":{"rendered":"Funcionalismo p\u00fablico promete radicalizar se reajuste n\u00e3o vier"},"content":{"rendered":"<p>A impaci\u00eancia tomou conta do funcionalismo p\u00fablico diante da demora para a aprova\u00e7\u00e3o dos reajustes acertados ainda no governo de Dilma Rousseff e sancionados por Michel Temer. Uma onda de greves est\u00e1 se formando e pode causar s\u00e9rios transtornos ao governo e, sobretudo, \u00e0 popula\u00e7\u00e3o.<\/p>\n<p>&nbsp;<\/p>\n<p>Hoje, os t\u00e9cnicos do Banco Central cruzaram os bra\u00e7os. A paralisa\u00e7\u00e3o durar\u00e1 48 hora. Na quinta-feira, ser\u00e1 a vez de os funcion\u00e1rios da Receita Federal suspenderem as atividades. Ficou decidido que eles v\u00e3o parar dois dias por semana. Nas aduanas, ser\u00e3o adotadas opera\u00e7\u00f5es padr\u00e3o. No caso deles, o projeto prevendo reajustes sequer foi encaminhado ao Congresso.<\/p>\n<p>&nbsp;<\/p>\n<p>Tamb\u00e9m est\u00e1 azedo o clima entre os analistas do BC, que j\u00e1 expressaram o descontentamento em rela\u00e7\u00e3o \u00e0 demora do reajuste. A gritaria j\u00e1 encontrou eco entre advogados federais, policiais federais e servidores da Controladoria-Geral da Uni\u00e3o. H\u00e1 o risco de o chamado carreir\u00e3o, que engloba o baixo clero do funcionalismo, embarcar na onda.<\/p>\n<p>&nbsp;<\/p>\n<p>Os projetos encaminhados por Temer e aprovados pela C\u00e2mara ainda est\u00e3o tramitando no Senado, que far\u00e1 sua \u00faltima vota\u00e7\u00e3o, antes do recess\u00e3o branco, na quarta-feira. Os aumentos dos servidores ainda precisam passar pela Comiss\u00e3o de Assuntos Econ\u00f4micos (CAE) para ir a plen\u00e1rio. Como houve mudan\u00e7as em v\u00e1rios projetos, eles ter\u00e3o que voltar \u00e0 C\u00e2mara.<\/p>\n<p>&nbsp;<\/p>\n<p>O governo, assustado com a repercuss\u00e3o da aprova\u00e7\u00e3o dos reajustes do servidores na C\u00e2mara, est\u00e1 segurando o envio de outros projetos ao Congresso, como os que garantem aumentos aos funcion\u00e1rios da Receita, da Pol\u00edcia Federal e da Pol\u00edcia Rodovi\u00e1ria Federal.<\/p>\n<p>&nbsp;<\/p>\n<p>Temer disse que avalizou os reajustes aprovados porque n\u00e3o queria confus\u00e3o com o funcionalismo, sempre disposto a parar a m\u00e1quina p\u00fablica. Pois os problemas que ele queria evitar est\u00e3o se agigantando e prontos para invadir o Pal\u00e1cio do Planalto. N\u00e3o ser\u00e1 f\u00e1cil a vida do presidente interino nos pr\u00f3ximos dias.<\/p>\n<p>&nbsp;<\/p>\n<p>&nbsp;<\/p>\n<p><em>Bras\u00edlia, 11h30min<\/em><\/p>\n","protected":false},"excerpt":{"rendered":"<p>A impaci\u00eancia tomou conta do funcionalismo p\u00fablico diante da demora para a aprova\u00e7\u00e3o dos reajustes acertados ainda no governo de Dilma Rousseff e sancionados por Michel Temer. Uma onda de greves est\u00e1 se formando e pode causar s\u00e9rios transtornos ao governo e, sobretudo, \u00e0 popula\u00e7\u00e3o. &nbsp; Hoje, os t\u00e9cnicos do Banco Central cruzaram os bra\u00e7os. [&hellip;]<\/p>\n","protected":false},"author":22,"featured_media":0,"comment_status":"open","ping_status":"closed","sticky":false,"template":"","format":"standard","meta":{"footnotes":""},"categories":[600],"tags":[3,617,111,126,124,8,123],"class_list":["post-1899","post","type-post","status-publish","format-standard","hentry","category-economia","tag-banco-central","tag-grever","tag-michel-temer","tag-policia-federal","tag-reajustes","tag-receita-federal","tag-servidores"],"_links":{"self":[{"href":"https:\/\/blogs.correiobraziliense.com.br\/vicente\/wp-json\/wp\/v2\/posts\/1899","targetHints":{"allow":["GET"]}}],"collection":[{"href":"https:\/\/blogs.correiobraziliense.com.br\/vicente\/wp-json\/wp\/v2\/posts"}],"about":[{"href":"https:\/\/blogs.correiobraziliense.com.br\/vicente\/wp-json\/wp\/v2\/types\/post"}],"author":[{"embeddable":true,"href":"https:\/\/blogs.correiobraziliense.com.br\/vicente\/wp-json\/wp\/v2\/users\/22"}],"replies":[{"embeddable":true,"href":"https:\/\/blogs.correiobraziliense.com.br\/vicente\/wp-json\/wp\/v2\/comments?post=1899"}],"version-history":[{"count":3,"href":"https:\/\/blogs.correiobraziliense.com.br\/vicente\/wp-json\/wp\/v2\/posts\/1899\/revisions"}],"predecessor-version":[{"id":1908,"href":"https:\/\/blogs.correiobraziliense.com.br\/vicente\/wp-json\/wp\/v2\/posts\/1899\/revisions\/1908"}],"wp:attachment":[{"href":"https:\/\/blogs.correiobraziliense.com.br\/vicente\/wp-json\/wp\/v2\/media?parent=1899"}],"wp:term":[{"taxonomy":"category","embeddable":true,"href":"https:\/\/blogs.correiobraziliense.com.br\/vicente\/wp-json\/wp\/v2\/categories?post=1899"},{"taxonomy":"post_tag","embeddable":true,"href":"https:\/\/blogs.correiobraziliense.com.br\/vicente\/wp-json\/wp\/v2\/tags?post=1899"}],"curies":[{"name":"wp","href":"https:\/\/api.w.org\/{rel}","templated":true}]}}