{"id":18981,"date":"2021-05-25T09:28:36","date_gmt":"2021-05-25T12:28:36","guid":{"rendered":"https:\/\/blogs.correiobraziliense.com.br\/vicente\/?p=18981"},"modified":"2021-05-25T15:39:21","modified_gmt":"2021-05-25T18:39:21","slug":"previa-da-inflacao-oficial-de-maio-avanca-044-maior-alta-desde-2016","status":"publish","type":"post","link":"https:\/\/blogs.correiobraziliense.com.br\/vicente\/previa-da-inflacao-oficial-de-maio-avanca-044-maior-alta-desde-2016\/","title":{"rendered":"Pr\u00e9via da infla\u00e7\u00e3o oficial de maio avan\u00e7a 0,44%, maior alta desde 2016"},"content":{"rendered":"<h2>ROSANA HESSEL<\/h2>\n<h2><\/h2>\n<h2><span style=\"font-weight: 400\">O \u00cdndice de Pre\u00e7os ao Consumidor Amplo 15 (IPCA-15), a pr\u00e9via da infla\u00e7\u00e3o oficial,\u00a0<\/span><span style=\"font-weight: 400\">avan\u00e7ou 0,44% em maio, maior varia\u00e7\u00e3o para o m\u00eas desde maio de 2016, de 0,86%, conforme dados divulgados pelo Instituto Brasileiro de Geografia e Estat\u00edstica (IBGE) nesta ter\u00e7a-feira (25\/05). O resultado reverteu a defla\u00e7\u00e3o de 0,59% registrada em maio de 2020, puxado, principalmente, pelos reajustes de medicamentos e da conta de luz, que voltou para a bandeira vermelha.<\/span><\/h2>\n<p>&nbsp;<\/p>\n<p>A alta mensal do indicador at\u00e9 a primeira quinzena de maio foi 0,16 ponto percentual abaixo da taxa de abril, de 0,60%. a alta de maio. No acumulado do ano, o IPCA-15 subiu 3,27% e, em 12 meses, saltou 7,27%, ficando acima dos 6,17% contabilizados no mesmo per\u00edodo at\u00e9 o m\u00eas passado. O dado ficou abaixo da mediana das expectativas do mercado, que apostava em valoriza\u00e7\u00e3o de 0,55%, no m\u00eas, e de 7,37% no acumulado em 12 meses.<\/p>\n<p>&nbsp;<\/p>\n<p><span style=\"font-weight: 400\">De acordo com o IBGE, a alta dos pre\u00e7os foi generalizada sendo registrada em oito dos nove grupos de produtos e servi\u00e7os pesquisados para o IPCA-15. <\/span><\/p>\n<p>&nbsp;<\/p>\n<p><span style=\"font-weight: 400\">A exemplo do IPCA de abril, medicamentos continuaram pressionado a infla\u00e7\u00e3o de maio, pois o maior impacto, de 0,16 ponto percentual, veio de sa\u00fade e cuidados pessoais. O grupo registrou infla\u00e7\u00e3o de 1,23%, registrando acelera\u00e7\u00e3o em rela\u00e7\u00e3o ao m\u00eas abril, quando subiu 0,44%, influenciada pela alta dos medicamentos, de 2,98%, refletindo o reajuste de 10,08% a partir de 1\u00ba de abril. <\/span><\/p>\n<p>&nbsp;<\/p>\n<p><span style=\"font-weight: 400\">Os grupos habita\u00e7\u00e3o e alimenta\u00e7\u00e3o e bebidas, com altas de 0,79% e de 0,48%, respectivamente, tamb\u00e9m apresentaram varia\u00e7\u00f5es superiores \u00e0s de abril (de 0,45% e de 0,36%, respectivamente), contribuindo, em conjunto, com 0,22 ponto percentual na alta do indicador.\u00a0\u00a0<\/span><\/p>\n<p>&nbsp;<\/p>\n<p><span style=\"font-weight: 400\">A maior varia\u00e7\u00e3o ficou com vestu\u00e1rio, de 1,42%, e a menor, com os transportes, -0,23%, \u00fanico grupo a recuar em maio, puxado pela queda nos pre\u00e7os da passagens a\u00e9reas &#8220;todas as \u00e1reas pesquisadas,\u00a0desde os -10,90% de\u00a0Bel\u00e9m\u00a0at\u00e9 os -37,10% de\u00a0Bras\u00edlia&#8221;.<\/span><span style=\"font-weight: 400\">\u00a0As demais altas ficaram entre o 0,03%, com o segmento de comunica\u00e7\u00e3o, e de 0,89%, para o de artigos de resid\u00eancia.<\/span><\/p>\n<p>&nbsp;<\/p>\n<p><span style=\"font-weight: 400\">A alta da energia el\u00e9trica, de 2,31% no IPCA-15 de maio, foi o maior impacto individual no m\u00eas, de 0,10 ponto percentual, foi o que mais influenciou a infla\u00e7\u00e3o do grupo habita\u00e7\u00e3o. J\u00e1 no segmento do de alimenta\u00e7\u00e3o e bebidas, um dos vil\u00f5es foram as carnes, com infla\u00e7\u00e3o de 1,77% no m\u00eas e de 35,68% em 12 meses. O tomate, que havia recuado 3,48% no m\u00eas anterior, registrou valoriza\u00e7\u00e3o de 7,24%, no m\u00eas. As frutas continuaram em queda no m\u00eas, recuando 6,45%, contribuindo com negativamente em 0,06 ponto percentual no indicador.<\/span><\/p>\n<p>&nbsp;<\/p>\n<p><strong>Ranking de cidades<\/strong><\/p>\n<p>&nbsp;<\/p>\n<p>Conforme os dados do IBGE, Fortaleza registrou a maior varia\u00e7\u00e3o do IPCA-15 entre as 11 capitais pesquisas no m\u00eas de maio, de 1,08%, acumulado eleva\u00e7\u00e3o de 8,99% em 12 meses. Bel\u00e9m ficou em segundo lugar ao registrar infla\u00e7\u00e3o mensal de 0,83% e, no acumulado em 12 meses, de 7,99%.<\/p>\n<p>&nbsp;<\/p>\n<p>Bras\u00edlia, \u00fanica cidade a registrar defla\u00e7\u00e3o em maio, de 0,18%, ficou na lanterna mensal, mas acumulou alta em 12 meses de 7,05%, que n\u00e3o foi a menor acumulada. Esse posto ficou com o Rio de Janeiro, de 6,43%, ap\u00f3s registrar alta de 0,40% no IPCA-15 de maio.<\/p>\n","protected":false},"excerpt":{"rendered":"<p>ROSANA HESSEL O \u00cdndice de Pre\u00e7os ao Consumidor Amplo 15 (IPCA-15), a pr\u00e9via da infla\u00e7\u00e3o oficial,\u00a0avan\u00e7ou 0,44% em maio, maior varia\u00e7\u00e3o para o m\u00eas desde maio de 2016, de 0,86%, conforme dados divulgados pelo Instituto Brasileiro de Geografia e Estat\u00edstica (IBGE) nesta ter\u00e7a-feira (25\/05). O resultado reverteu a defla\u00e7\u00e3o de 0,59% registrada em maio de [&hellip;]<\/p>\n","protected":false},"author":22,"featured_media":13136,"comment_status":"open","ping_status":"closed","sticky":false,"template":"","format":"standard","meta":{"footnotes":""},"categories":[600],"tags":[391,1916],"class_list":["post-18981","post","type-post","status-publish","format-standard","has-post-thumbnail","hentry","category-economia","tag-ibge","tag-ipca-15"],"_links":{"self":[{"href":"https:\/\/blogs.correiobraziliense.com.br\/vicente\/wp-json\/wp\/v2\/posts\/18981","targetHints":{"allow":["GET"]}}],"collection":[{"href":"https:\/\/blogs.correiobraziliense.com.br\/vicente\/wp-json\/wp\/v2\/posts"}],"about":[{"href":"https:\/\/blogs.correiobraziliense.com.br\/vicente\/wp-json\/wp\/v2\/types\/post"}],"author":[{"embeddable":true,"href":"https:\/\/blogs.correiobraziliense.com.br\/vicente\/wp-json\/wp\/v2\/users\/22"}],"replies":[{"embeddable":true,"href":"https:\/\/blogs.correiobraziliense.com.br\/vicente\/wp-json\/wp\/v2\/comments?post=18981"}],"version-history":[{"count":8,"href":"https:\/\/blogs.correiobraziliense.com.br\/vicente\/wp-json\/wp\/v2\/posts\/18981\/revisions"}],"predecessor-version":[{"id":19004,"href":"https:\/\/blogs.correiobraziliense.com.br\/vicente\/wp-json\/wp\/v2\/posts\/18981\/revisions\/19004"}],"wp:featuredmedia":[{"embeddable":true,"href":"https:\/\/blogs.correiobraziliense.com.br\/vicente\/wp-json\/wp\/v2\/media\/13136"}],"wp:attachment":[{"href":"https:\/\/blogs.correiobraziliense.com.br\/vicente\/wp-json\/wp\/v2\/media?parent=18981"}],"wp:term":[{"taxonomy":"category","embeddable":true,"href":"https:\/\/blogs.correiobraziliense.com.br\/vicente\/wp-json\/wp\/v2\/categories?post=18981"},{"taxonomy":"post_tag","embeddable":true,"href":"https:\/\/blogs.correiobraziliense.com.br\/vicente\/wp-json\/wp\/v2\/tags?post=18981"}],"curies":[{"name":"wp","href":"https:\/\/api.w.org\/{rel}","templated":true}]}}