{"id":18975,"date":"2021-05-24T17:31:22","date_gmt":"2021-05-24T20:31:22","guid":{"rendered":"https:\/\/blogs.correiobraziliense.com.br\/vicente\/?p=18975"},"modified":"2021-05-24T21:05:46","modified_gmt":"2021-05-25T00:05:46","slug":"para-bolsonaro-exercito-nao-deve-punir-pazuello-que-e-um-homem-de-bem","status":"publish","type":"post","link":"https:\/\/blogs.correiobraziliense.com.br\/vicente\/para-bolsonaro-exercito-nao-deve-punir-pazuello-que-e-um-homem-de-bem\/","title":{"rendered":"Para Bolsonaro, Ex\u00e9rcito n\u00e3o deve punir Pazuello, &#8220;que \u00e9 um homem de bem&#8221;"},"content":{"rendered":"<h2>Mesmo distante de Brasilia \u2014 est\u00e1 em viagem ao Equador, onde acompanha a posse do novo presidente daquele pa\u00eds \u2014, o presidente Jair Bolsonaro est\u00e1 acompanhando, em detalhes, as discuss\u00f5es dentro do Ex\u00e9rcito e do Minist\u00e9rio da Defesa sobre a participa\u00e7\u00e3o do general Eduardo Pazuello em ato pol\u00edtico no Rio de Janeiro no domingo (23\/05).<\/h2>\n<p>&nbsp;<\/p>\n<p>No entender de Bolsonaro, o Ex\u00e9rcito n\u00e3o deve punir Pazuello, &#8220;que \u00e9 um homem de bem&#8221;. Para o presidente, o general subiu ao seu palanque com cidad\u00e3o civil, em apoio a um projeto que ele acredita ser o melhor para o Brasil. Foi um &#8220;gesto natural&#8221;, segundo o chefe do Executivo.<\/p>\n<p>&nbsp;<\/p>\n<p>Pelo Estatuto dos Militares e pelo Regulamento Disciplinar do Ex\u00e9rcito, oficiais da ativa est\u00e3o proibidos de participar de manifesta\u00e7\u00f5es pol\u00edticas coletivas. E h\u00e1 uma posi\u00e7\u00e3o fechada do Alto Comando das For\u00e7as Armadas de que a pol\u00edtica deve ficar de fora dos quart\u00e9is. Portanto, Pazuello transgrediu todas as regras.<\/p>\n<p>&nbsp;<\/p>\n<p><a href=\"https:\/\/www.correiobraziliense.com.br\/politica\/2021\/05\/4926593-exercito-vai-abrir-apuracao-disciplinar-contra-pazuello-apos-ida-a-evento-com-bolsonaro.html\">Est\u00e1 decidido que o general, que foi ministro da Sa\u00fade, ter\u00e1 cerca de 10 dias para apresentar um ampla defesa por meio de um processo administrativo<\/a>. Ele j\u00e1 falou com o comandante do Ex\u00e9rcito, Paulo S\u00e9rgio Nogueira, e com o ministro da Defesa, Braga Netto, e admitiu que errou.<\/p>\n<p>&nbsp;<\/p>\n<p>Se Bolsonaro acredita que a puni\u00e7\u00e3o a Pazuello ser\u00e1 m\u00ednima, apenas para calar a boca de cr\u00edticos, opositores do governo torcem para que o Ex\u00e9rcito d\u00ea um bom exemplo, para n\u00e3o sair desmoralizado dessa hist\u00f3ria, pois o general, que n\u00e3o poderia estar num palanque, ainda contrariou todas as normas de seguran\u00e7a em meio \u00e0 pandemia. Nem de m\u00e1scara ele estava.<\/p>\n<p>&nbsp;<\/p>\n<p>A tens\u00e3o \u00e9 grande no meio militar e no pol\u00edtico. A crise com criada por Pazuello, ao mais uma vez se subordinar a Bolsonaro, est\u00e1 longe de acabar. Um dos caminhos para atenuar o processo \u00e9 Pazuello se transferir imediatamente para a reserva.<\/p>\n<p>&nbsp;<\/p>\n<p><em>Bras\u00edlia, 17h31min<\/em><\/p>\n","protected":false},"excerpt":{"rendered":"<p>Mesmo distante de Brasilia \u2014 est\u00e1 em viagem ao Equador, onde acompanha a posse do novo presidente daquele pa\u00eds \u2014, o presidente Jair Bolsonaro est\u00e1 acompanhando, em detalhes, as discuss\u00f5es dentro do Ex\u00e9rcito e do Minist\u00e9rio da Defesa sobre a participa\u00e7\u00e3o do general Eduardo Pazuello em ato pol\u00edtico no Rio de Janeiro no domingo (23\/05). [&hellip;]<\/p>\n","protected":false},"author":22,"featured_media":14783,"comment_status":"open","ping_status":"closed","sticky":false,"template":"","format":"standard","meta":{"footnotes":""},"categories":[600],"tags":[5485,378,5484,5156,2526,2787],"class_list":["post-18975","post","type-post","status-publish","format-standard","has-post-thumbnail","hentry","category-economia","tag-que-e-um-homem-de-bem","tag-brasil","tag-exercito-nao-deve-punir-pazuello","tag-para-bolsonaro","tag-poder","tag-politica"],"_links":{"self":[{"href":"https:\/\/blogs.correiobraziliense.com.br\/vicente\/wp-json\/wp\/v2\/posts\/18975","targetHints":{"allow":["GET"]}}],"collection":[{"href":"https:\/\/blogs.correiobraziliense.com.br\/vicente\/wp-json\/wp\/v2\/posts"}],"about":[{"href":"https:\/\/blogs.correiobraziliense.com.br\/vicente\/wp-json\/wp\/v2\/types\/post"}],"author":[{"embeddable":true,"href":"https:\/\/blogs.correiobraziliense.com.br\/vicente\/wp-json\/wp\/v2\/users\/22"}],"replies":[{"embeddable":true,"href":"https:\/\/blogs.correiobraziliense.com.br\/vicente\/wp-json\/wp\/v2\/comments?post=18975"}],"version-history":[{"count":4,"href":"https:\/\/blogs.correiobraziliense.com.br\/vicente\/wp-json\/wp\/v2\/posts\/18975\/revisions"}],"predecessor-version":[{"id":18979,"href":"https:\/\/blogs.correiobraziliense.com.br\/vicente\/wp-json\/wp\/v2\/posts\/18975\/revisions\/18979"}],"wp:featuredmedia":[{"embeddable":true,"href":"https:\/\/blogs.correiobraziliense.com.br\/vicente\/wp-json\/wp\/v2\/media\/14783"}],"wp:attachment":[{"href":"https:\/\/blogs.correiobraziliense.com.br\/vicente\/wp-json\/wp\/v2\/media?parent=18975"}],"wp:term":[{"taxonomy":"category","embeddable":true,"href":"https:\/\/blogs.correiobraziliense.com.br\/vicente\/wp-json\/wp\/v2\/categories?post=18975"},{"taxonomy":"post_tag","embeddable":true,"href":"https:\/\/blogs.correiobraziliense.com.br\/vicente\/wp-json\/wp\/v2\/tags?post=18975"}],"curies":[{"name":"wp","href":"https:\/\/api.w.org\/{rel}","templated":true}]}}